{"id":900,"date":"2020-02-24T04:07:16","date_gmt":"2020-02-24T04:07:16","guid":{"rendered":"http:\/\/www.santarosa.gob.ec\/web\/?p=900"},"modified":"2020-02-24T04:23:02","modified_gmt":"2020-02-24T04:23:02","slug":"larry-vite-y-ex-prefecto-esteban-quirola-entregaron-implementos-para-cuerpo-de-bomberos-del-g-a-d-municipal-de-santa-rosa","status":"publish","type":"post","link":"https:\/\/www.santarosa.gob.ec\/web\/2020\/02\/24\/larry-vite-y-ex-prefecto-esteban-quirola-entregaron-implementos-para-cuerpo-de-bomberos-del-g-a-d-municipal-de-santa-rosa\/","title":{"rendered":"Larry Vite y ex prefecto Esteban Quirola entregaron implementos para cuerpo de bomberos del G.A.D. Municipal de Santa Rosa"},"content":{"rendered":"<p>Una de las obras importantes que el actual alcalde Larry Vite realiz\u00f3 d\u00edas antes de su posesi\u00f3n como nueva autoridad, fue la entrega de Indumentaria contra incendios y Equipos de rescate en carretas y mar y r\u00edos obra que fue gestionada ante el ex prefecto Esteban Quirola Bustos quien tambi\u00e9n estuvo en el acto.<\/p>\n<p>El alcalde de camello por su parte dio a conocer todos los implementos que se entreg\u00f3 al cuerpo de bomberos.<\/p>\n<p>Adem\u00e1s se refiri\u00f3 a la gesti\u00f3n que se hizo para la adquisici\u00f3n de un carro motobomba.<\/p>\n<p>Por su parte el jefe de la casaca roja, Andr\u00e9s Romero hizo extensivo su agradecimiento por la entrega de estos equipos con lo cual podr\u00e1n atender emergencias no solo locales sino provinciales.<\/p>\n<p>En agradecimiento por esta importante entrega se condecor\u00f3 al alcalde Larry Vite y al ex prefecto Esteban Quirola.<\/p>\n","protected":false},"excerpt":{"rendered":"<p>Una de las obras importantes que el actual alcalde Larry Vite realiz\u00f3 d\u00edas antes de su posesi\u00f3n como nueva autoridad, fue la entrega de Indumentaria contra incendios y Equipos de rescate en carretas y mar y r\u00edos obra que fue&hellip;<\/p>\n","protected":false},"author":1,"featured_media":901,"comment_status":"closed","ping_status":"closed","sticky":false,"template":"","format":"standard","meta":{"footnotes":""},"categories":[35],"tags":[],"class_list":["post-900","post","type-post","status-publish","format-standard","has-post-thumbnail","hentry","category-noticias"],"yoast_head":"<!-- This site is optimized with the Yoast SEO plugin v26.8 - https:\/\/yoast.com\/product\/yoast-seo-wordpress\/ -->\n<title>Larry Vite y ex prefecto Esteban Quirola entregaron implementos para cuerpo de bomberos del G.A.D. Municipal de Santa Rosa - GAD Municipal del Cant\u00f3n Santa Rosa<\/title>\n<meta name=\"robots\" content=\"index, follow, max-snippet:-1, max-image-preview:large, max-video-preview:-1\" \/>\n<link rel=\"canonical\" href=\"https:\/\/www.santarosa.gob.ec\/web\/2020\/02\/24\/larry-vite-y-ex-prefecto-esteban-quirola-entregaron-implementos-para-cuerpo-de-bomberos-del-g-a-d-municipal-de-santa-rosa\/\" \/>\n<meta property=\"og:locale\" content=\"es_ES\" \/>\n<meta property=\"og:type\" content=\"article\" \/>\n<meta property=\"og:title\" content=\"Larry Vite y ex prefecto Esteban Quirola entregaron implementos para cuerpo de bomberos del G.A.D. Municipal de Santa Rosa - GAD Municipal del Cant\u00f3n Santa Rosa\" \/>\n<meta property=\"og:description\" content=\"Una de las obras importantes que el actual alcalde Larry Vite realiz\u00f3 d\u00edas antes de su posesi\u00f3n como nueva autoridad, fue la entrega de Indumentaria contra incendios y Equipos de rescate en carretas y mar y r\u00edos obra que fue&hellip;\" \/>\n<meta property=\"og:url\" content=\"https:\/\/www.santarosa.gob.ec\/web\/2020\/02\/24\/larry-vite-y-ex-prefecto-esteban-quirola-entregaron-implementos-para-cuerpo-de-bomberos-del-g-a-d-municipal-de-santa-rosa\/\" \/>\n<meta property=\"og:site_name\" content=\"GAD Municipal del Cant\u00f3n Santa Rosa\" \/>\n<meta property=\"article:published_time\" content=\"2020-02-24T04:07:16+00:00\" \/>\n<meta property=\"article:modified_time\" content=\"2020-02-24T04:23:02+00:00\" \/>\n<meta property=\"og:image\" content=\"https:\/\/www.santarosa.gob.ec\/web\/wp-content\/uploads\/2020\/02\/bomb.jpg\" \/>\n\t<meta property=\"og:image:width\" content=\"448\" \/>\n\t<meta property=\"og:image:height\" content=\"299\" \/>\n\t<meta property=\"og:image:type\" content=\"image\/jpeg\" \/>\n<meta name=\"author\" content=\"btorres\" \/>\n<meta name=\"twitter:card\" content=\"summary_large_image\" \/>\n<meta name=\"twitter:label1\" content=\"Escrito por\" \/>\n\t<meta name=\"twitter:data1\" content=\"btorres\" \/>\n\t<meta name=\"twitter:label2\" content=\"Tiempo de lectura\" \/>\n\t<meta name=\"twitter:data2\" content=\"1 minuto\" \/>\n<script type=\"application\/ld+json\" class=\"yoast-schema-graph\">{\"@context\":\"https:\/\/schema.org\",\"@graph\":[{\"@type\":\"Article\",\"@id\":\"https:\/\/www.santarosa.gob.ec\/web\/2020\/02\/24\/larry-vite-y-ex-prefecto-esteban-quirola-entregaron-implementos-para-cuerpo-de-bomberos-del-g-a-d-municipal-de-santa-rosa\/#article\",\"isPartOf\":{\"@id\":\"https:\/\/www.santarosa.gob.ec\/web\/2020\/02\/24\/larry-vite-y-ex-prefecto-esteban-quirola-entregaron-implementos-para-cuerpo-de-bomberos-del-g-a-d-municipal-de-santa-rosa\/\"},\"author\":{\"name\":\"btorres\",\"@id\":\"https:\/\/www.santarosa.gob.ec\/web\/#\/schema\/person\/55bec39cb33407c9953c83eb2418fab3\"},\"headline\":\"Larry Vite y ex prefecto Esteban Quirola entregaron implementos para cuerpo de bomberos del G.A.D. Municipal de Santa Rosa\",\"datePublished\":\"2020-02-24T04:07:16+00:00\",\"dateModified\":\"2020-02-24T04:23:02+00:00\",\"mainEntityOfPage\":{\"@id\":\"https:\/\/www.santarosa.gob.ec\/web\/2020\/02\/24\/larry-vite-y-ex-prefecto-esteban-quirola-entregaron-implementos-para-cuerpo-de-bomberos-del-g-a-d-municipal-de-santa-rosa\/\"},\"wordCount\":170,\"image\":{\"@id\":\"https:\/\/www.santarosa.gob.ec\/web\/2020\/02\/24\/larry-vite-y-ex-prefecto-esteban-quirola-entregaron-implementos-para-cuerpo-de-bomberos-del-g-a-d-municipal-de-santa-rosa\/#primaryimage\"},\"thumbnailUrl\":\"https:\/\/www.santarosa.gob.ec\/web\/wp-content\/uploads\/2020\/02\/bomb.jpg\",\"articleSection\":[\"Noticias\"],\"inLanguage\":\"es\"},{\"@type\":\"WebPage\",\"@id\":\"https:\/\/www.santarosa.gob.ec\/web\/2020\/02\/24\/larry-vite-y-ex-prefecto-esteban-quirola-entregaron-implementos-para-cuerpo-de-bomberos-del-g-a-d-municipal-de-santa-rosa\/\",\"url\":\"https:\/\/www.santarosa.gob.ec\/web\/2020\/02\/24\/larry-vite-y-ex-prefecto-esteban-quirola-entregaron-implementos-para-cuerpo-de-bomberos-del-g-a-d-municipal-de-santa-rosa\/\",\"name\":\"Larry Vite y ex prefecto Esteban Quirola entregaron implementos para cuerpo de bomberos del G.A.D. Municipal de Santa Rosa - GAD Municipal del Cant\u00f3n Santa Rosa\",\"isPartOf\":{\"@id\":\"https:\/\/www.santarosa.gob.ec\/web\/#website\"},\"primaryImageOfPage\":{\"@id\":\"https:\/\/www.santarosa.gob.ec\/web\/2020\/02\/24\/larry-vite-y-ex-prefecto-esteban-quirola-entregaron-implementos-para-cuerpo-de-bomberos-del-g-a-d-municipal-de-santa-rosa\/#primaryimage\"},\"image\":{\"@id\":\"https:\/\/www.santarosa.gob.ec\/web\/2020\/02\/24\/larry-vite-y-ex-prefecto-esteban-quirola-entregaron-implementos-para-cuerpo-de-bomberos-del-g-a-d-municipal-de-santa-rosa\/#primaryimage\"},\"thumbnailUrl\":\"https:\/\/www.santarosa.gob.ec\/web\/wp-content\/uploads\/2020\/02\/bomb.jpg\",\"datePublished\":\"2020-02-24T04:07:16+00:00\",\"dateModified\":\"2020-02-24T04:23:02+00:00\",\"author\":{\"@id\":\"https:\/\/www.santarosa.gob.ec\/web\/#\/schema\/person\/55bec39cb33407c9953c83eb2418fab3\"},\"breadcrumb\":{\"@id\":\"https:\/\/www.santarosa.gob.ec\/web\/2020\/02\/24\/larry-vite-y-ex-prefecto-esteban-quirola-entregaron-implementos-para-cuerpo-de-bomberos-del-g-a-d-municipal-de-santa-rosa\/#breadcrumb\"},\"inLanguage\":\"es\",\"potentialAction\":[{\"@type\":\"ReadAction\",\"target\":[\"https:\/\/www.santarosa.gob.ec\/web\/2020\/02\/24\/larry-vite-y-ex-prefecto-esteban-quirola-entregaron-implementos-para-cuerpo-de-bomberos-del-g-a-d-municipal-de-santa-rosa\/\"]}]},{\"@type\":\"ImageObject\",\"inLanguage\":\"es\",\"@id\":\"https:\/\/www.santarosa.gob.ec\/web\/2020\/02\/24\/larry-vite-y-ex-prefecto-esteban-quirola-entregaron-implementos-para-cuerpo-de-bomberos-del-g-a-d-municipal-de-santa-rosa\/#primaryimage\",\"url\":\"https:\/\/www.santarosa.gob.ec\/web\/wp-content\/uploads\/2020\/02\/bomb.jpg\",\"contentUrl\":\"https:\/\/www.santarosa.gob.ec\/web\/wp-content\/uploads\/2020\/02\/bomb.jpg\",\"width\":448,\"height\":299,\"caption\":\"????????????????????????????????????\"},{\"@type\":\"BreadcrumbList\",\"@id\":\"https:\/\/www.santarosa.gob.ec\/web\/2020\/02\/24\/larry-vite-y-ex-prefecto-esteban-quirola-entregaron-implementos-para-cuerpo-de-bomberos-del-g-a-d-municipal-de-santa-rosa\/#breadcrumb\",\"itemListElement\":[{\"@type\":\"ListItem\",\"position\":1,\"name\":\"Portada\",\"item\":\"https:\/\/www.santarosa.gob.ec\/web\/\"},{\"@type\":\"ListItem\",\"position\":2,\"name\":\"Larry Vite y ex prefecto Esteban Quirola entregaron implementos para cuerpo de bomberos del G.A.D. Municipal de Santa Rosa\"}]},{\"@type\":\"WebSite\",\"@id\":\"https:\/\/www.santarosa.gob.ec\/web\/#website\",\"url\":\"https:\/\/www.santarosa.gob.ec\/web\/\",\"name\":\"GAD Municipal del Cant\u00f3n Santa Rosa\",\"description\":\"\",\"potentialAction\":[{\"@type\":\"SearchAction\",\"target\":{\"@type\":\"EntryPoint\",\"urlTemplate\":\"https:\/\/www.santarosa.gob.ec\/web\/?s={search_term_string}\"},\"query-input\":{\"@type\":\"PropertyValueSpecification\",\"valueRequired\":true,\"valueName\":\"search_term_string\"}}],\"inLanguage\":\"es\"},{\"@type\":\"Person\",\"@id\":\"https:\/\/www.santarosa.gob.ec\/web\/#\/schema\/person\/55bec39cb33407c9953c83eb2418fab3\",\"name\":\"btorres\",\"image\":{\"@type\":\"ImageObject\",\"inLanguage\":\"es\",\"@id\":\"https:\/\/www.santarosa.gob.ec\/web\/#\/schema\/person\/image\/\",\"url\":\"https:\/\/secure.gravatar.com\/avatar\/9154616df6af61713debd8ce9919eb1d50e057506f82c560e1104534d7c01af0?s=96&d=mm&r=g\",\"contentUrl\":\"https:\/\/secure.gravatar.com\/avatar\/9154616df6af61713debd8ce9919eb1d50e057506f82c560e1104534d7c01af0?s=96&d=mm&r=g\",\"caption\":\"btorres\"},\"url\":\"https:\/\/www.santarosa.gob.ec\/web\/author\/btorres\/\"}]}<\/script>\n<!-- \/ Yoast SEO plugin. -->","yoast_head_json":{"title":"Larry Vite y ex prefecto Esteban Quirola entregaron implementos para cuerpo de bomberos del G.A.D. Municipal de Santa Rosa - GAD Municipal del Cant\u00f3n Santa Rosa","robots":{"index":"index","follow":"follow","max-snippet":"max-snippet:-1","max-image-preview":"max-image-preview:large","max-video-preview":"max-video-preview:-1"},"canonical":"https:\/\/www.santarosa.gob.ec\/web\/2020\/02\/24\/larry-vite-y-ex-prefecto-esteban-quirola-entregaron-implementos-para-cuerpo-de-bomberos-del-g-a-d-municipal-de-santa-rosa\/","og_locale":"es_ES","og_type":"article","og_title":"Larry Vite y ex prefecto Esteban Quirola entregaron implementos para cuerpo de bomberos del G.A.D. Municipal de Santa Rosa - GAD Municipal del Cant\u00f3n Santa Rosa","og_description":"Una de las obras importantes que el actual alcalde Larry Vite realiz\u00f3 d\u00edas antes de su posesi\u00f3n como nueva autoridad, fue la entrega de Indumentaria contra incendios y Equipos de rescate en carretas y mar y r\u00edos obra que fue&hellip;","og_url":"https:\/\/www.santarosa.gob.ec\/web\/2020\/02\/24\/larry-vite-y-ex-prefecto-esteban-quirola-entregaron-implementos-para-cuerpo-de-bomberos-del-g-a-d-municipal-de-santa-rosa\/","og_site_name":"GAD Municipal del Cant\u00f3n Santa Rosa","article_published_time":"2020-02-24T04:07:16+00:00","article_modified_time":"2020-02-24T04:23:02+00:00","og_image":[{"width":448,"height":299,"url":"https:\/\/www.santarosa.gob.ec\/web\/wp-content\/uploads\/2020\/02\/bomb.jpg","type":"image\/jpeg"}],"author":"btorres","twitter_card":"summary_large_image","twitter_misc":{"Escrito por":"btorres","Tiempo de lectura":"1 minuto"},"schema":{"@context":"https:\/\/schema.org","@graph":[{"@type":"Article","@id":"https:\/\/www.santarosa.gob.ec\/web\/2020\/02\/24\/larry-vite-y-ex-prefecto-esteban-quirola-entregaron-implementos-para-cuerpo-de-bomberos-del-g-a-d-municipal-de-santa-rosa\/#article","isPartOf":{"@id":"https:\/\/www.santarosa.gob.ec\/web\/2020\/02\/24\/larry-vite-y-ex-prefecto-esteban-quirola-entregaron-implementos-para-cuerpo-de-bomberos-del-g-a-d-municipal-de-santa-rosa\/"},"author":{"name":"btorres","@id":"https:\/\/www.santarosa.gob.ec\/web\/#\/schema\/person\/55bec39cb33407c9953c83eb2418fab3"},"headline":"Larry Vite y ex prefecto Esteban Quirola entregaron implementos para cuerpo de bomberos del G.A.D. Municipal de Santa Rosa","datePublished":"2020-02-24T04:07:16+00:00","dateModified":"2020-02-24T04:23:02+00:00","mainEntityOfPage":{"@id":"https:\/\/www.santarosa.gob.ec\/web\/2020\/02\/24\/larry-vite-y-ex-prefecto-esteban-quirola-entregaron-implementos-para-cuerpo-de-bomberos-del-g-a-d-municipal-de-santa-rosa\/"},"wordCount":170,"image":{"@id":"https:\/\/www.santarosa.gob.ec\/web\/2020\/02\/24\/larry-vite-y-ex-prefecto-esteban-quirola-entregaron-implementos-para-cuerpo-de-bomberos-del-g-a-d-municipal-de-santa-rosa\/#primaryimage"},"thumbnailUrl":"https:\/\/www.santarosa.gob.ec\/web\/wp-content\/uploads\/2020\/02\/bomb.jpg","articleSection":["Noticias"],"inLanguage":"es"},{"@type":"WebPage","@id":"https:\/\/www.santarosa.gob.ec\/web\/2020\/02\/24\/larry-vite-y-ex-prefecto-esteban-quirola-entregaron-implementos-para-cuerpo-de-bomberos-del-g-a-d-municipal-de-santa-rosa\/","url":"https:\/\/www.santarosa.gob.ec\/web\/2020\/02\/24\/larry-vite-y-ex-prefecto-esteban-quirola-entregaron-implementos-para-cuerpo-de-bomberos-del-g-a-d-municipal-de-santa-rosa\/","name":"Larry Vite y ex prefecto Esteban Quirola entregaron implementos para cuerpo de bomberos del G.A.D. Municipal de Santa Rosa - GAD Municipal del Cant\u00f3n Santa Rosa","isPartOf":{"@id":"https:\/\/www.santarosa.gob.ec\/web\/#website"},"primaryImageOfPage":{"@id":"https:\/\/www.santarosa.gob.ec\/web\/2020\/02\/24\/larry-vite-y-ex-prefecto-esteban-quirola-entregaron-implementos-para-cuerpo-de-bomberos-del-g-a-d-municipal-de-santa-rosa\/#primaryimage"},"image":{"@id":"https:\/\/www.santarosa.gob.ec\/web\/2020\/02\/24\/larry-vite-y-ex-prefecto-esteban-quirola-entregaron-implementos-para-cuerpo-de-bomberos-del-g-a-d-municipal-de-santa-rosa\/#primaryimage"},"thumbnailUrl":"https:\/\/www.santarosa.gob.ec\/web\/wp-content\/uploads\/2020\/02\/bomb.jpg","datePublished":"2020-02-24T04:07:16+00:00","dateModified":"2020-02-24T04:23:02+00:00","author":{"@id":"https:\/\/www.santarosa.gob.ec\/web\/#\/schema\/person\/55bec39cb33407c9953c83eb2418fab3"},"breadcrumb":{"@id":"https:\/\/www.santarosa.gob.ec\/web\/2020\/02\/24\/larry-vite-y-ex-prefecto-esteban-quirola-entregaron-implementos-para-cuerpo-de-bomberos-del-g-a-d-municipal-de-santa-rosa\/#breadcrumb"},"inLanguage":"es","potentialAction":[{"@type":"ReadAction","target":["https:\/\/www.santarosa.gob.ec\/web\/2020\/02\/24\/larry-vite-y-ex-prefecto-esteban-quirola-entregaron-implementos-para-cuerpo-de-bomberos-del-g-a-d-municipal-de-santa-rosa\/"]}]},{"@type":"ImageObject","inLanguage":"es","@id":"https:\/\/www.santarosa.gob.ec\/web\/2020\/02\/24\/larry-vite-y-ex-prefecto-esteban-quirola-entregaron-implementos-para-cuerpo-de-bomberos-del-g-a-d-municipal-de-santa-rosa\/#primaryimage","url":"https:\/\/www.santarosa.gob.ec\/web\/wp-content\/uploads\/2020\/02\/bomb.jpg","contentUrl":"https:\/\/www.santarosa.gob.ec\/web\/wp-content\/uploads\/2020\/02\/bomb.jpg","width":448,"height":299,"caption":"????????????????????????????????????"},{"@type":"BreadcrumbList","@id":"https:\/\/www.santarosa.gob.ec\/web\/2020\/02\/24\/larry-vite-y-ex-prefecto-esteban-quirola-entregaron-implementos-para-cuerpo-de-bomberos-del-g-a-d-municipal-de-santa-rosa\/#breadcrumb","itemListElement":[{"@type":"ListItem","position":1,"name":"Portada","item":"https:\/\/www.santarosa.gob.ec\/web\/"},{"@type":"ListItem","position":2,"name":"Larry Vite y ex prefecto Esteban Quirola entregaron implementos para cuerpo de bomberos del G.A.D. Municipal de Santa Rosa"}]},{"@type":"WebSite","@id":"https:\/\/www.santarosa.gob.ec\/web\/#website","url":"https:\/\/www.santarosa.gob.ec\/web\/","name":"GAD Municipal del Cant\u00f3n Santa Rosa","description":"","potentialAction":[{"@type":"SearchAction","target":{"@type":"EntryPoint","urlTemplate":"https:\/\/www.santarosa.gob.ec\/web\/?s={search_term_string}"},"query-input":{"@type":"PropertyValueSpecification","valueRequired":true,"valueName":"search_term_string"}}],"inLanguage":"es"},{"@type":"Person","@id":"https:\/\/www.santarosa.gob.ec\/web\/#\/schema\/person\/55bec39cb33407c9953c83eb2418fab3","name":"btorres","image":{"@type":"ImageObject","inLanguage":"es","@id":"https:\/\/www.santarosa.gob.ec\/web\/#\/schema\/person\/image\/","url":"https:\/\/secure.gravatar.com\/avatar\/9154616df6af61713debd8ce9919eb1d50e057506f82c560e1104534d7c01af0?s=96&d=mm&r=g","contentUrl":"https:\/\/secure.gravatar.com\/avatar\/9154616df6af61713debd8ce9919eb1d50e057506f82c560e1104534d7c01af0?s=96&d=mm&r=g","caption":"btorres"},"url":"https:\/\/www.santarosa.gob.ec\/web\/author\/btorres\/"}]}},"_links":{"self":[{"href":"https:\/\/www.santarosa.gob.ec\/web\/wp-json\/wp\/v2\/posts\/900","targetHints":{"allow":["GET"]}}],"collection":[{"href":"https:\/\/www.santarosa.gob.ec\/web\/wp-json\/wp\/v2\/posts"}],"about":[{"href":"https:\/\/www.santarosa.gob.ec\/web\/wp-json\/wp\/v2\/types\/post"}],"author":[{"embeddable":true,"href":"https:\/\/www.santarosa.gob.ec\/web\/wp-json\/wp\/v2\/users\/1"}],"replies":[{"embeddable":true,"href":"https:\/\/www.santarosa.gob.ec\/web\/wp-json\/wp\/v2\/comments?post=900"}],"version-history":[{"count":0,"href":"https:\/\/www.santarosa.gob.ec\/web\/wp-json\/wp\/v2\/posts\/900\/revisions"}],"wp:featuredmedia":[{"embeddable":true,"href":"https:\/\/www.santarosa.gob.ec\/web\/wp-json\/wp\/v2\/media\/901"}],"wp:attachment":[{"href":"https:\/\/www.santarosa.gob.ec\/web\/wp-json\/wp\/v2\/media?parent=900"}],"wp:term":[{"taxonomy":"category","embeddable":true,"href":"https:\/\/www.santarosa.gob.ec\/web\/wp-json\/wp\/v2\/categories?post=900"},{"taxonomy":"post_tag","embeddable":true,"href":"https:\/\/www.santarosa.gob.ec\/web\/wp-json\/wp\/v2\/tags?post=900"}],"curies":[{"name":"wp","href":"https:\/\/api.w.org\/{rel}","templated":true}]}}