{"id":8508,"date":"2023-08-18T15:07:31","date_gmt":"2023-08-18T20:07:31","guid":{"rendered":"http:\/\/www.santarosa.gob.ec\/web\/?p=8508"},"modified":"2023-08-18T15:07:31","modified_gmt":"2023-08-18T20:07:31","slug":"campana-de-donacion-de-sangre-otra-vida-depende-de-ti-recolecto-123-unidades-sanguineas","status":"publish","type":"post","link":"https:\/\/www.santarosa.gob.ec\/web\/2023\/08\/18\/campana-de-donacion-de-sangre-otra-vida-depende-de-ti-recolecto-123-unidades-sanguineas\/","title":{"rendered":"Campa\u00f1a de donaci\u00f3n de sangre \u201cOtra Vida Depende de Ti\u201d recolect\u00f3  123 unidades sangu\u00edneas"},"content":{"rendered":"<p>[metaslider id=\u00bb8510&#8243;]<\/p>\n<p style=\"text-align: justify;\">Un total de 123 unidades sangu\u00edneas se captaron durante la campa\u00f1a N 21 de donaci\u00f3n de sangre. \u201cOtra Vida Depende de Ti\u201d realizada el mi\u00e9rcoles 16 de agosto, en los bajos de la Municipalidad de Santa Rosa, con el apoyo de Cruz Roja Ecuatoriana. La actividad forma parte del proceso de abastecimiento de la cuenta municipal de sangre.<\/p>\n<p style=\"text-align: justify;\">El alcalde Larry Vite tambi\u00e9n se uni\u00f3 al proceso de donaci\u00f3n de sangre. \u201cEstamos como ciudadano y autoridad, dando el ejemplo para seguir salvando vidas. Esta cuenta municipal de sangre ha logrado contribuir de una manera significativa en los diferentes casos que han requerido unidades sangu\u00edneas\u201d, agreg\u00f3.<\/p>\n<p style=\"text-align: justify;\">El presidente de la parroquia La Avanzada, Pablo Quezada, junto a sus vocales tambi\u00e9n se unieron a esta campa\u00f1a de donaci\u00f3n de sangre. \u201cEstamos aqu\u00ed, junto a vocales y moradores del sitio Lim\u00f3n Playa, apoyando a Rosita Mi\u00f1\u00e1n, presidenta del sitio Lim\u00f3n Playa, que se encuentra delicada de salud, necesitando 5 pintas de sangre; por lo cual, acudimos a la municipalidad y recibimos una respuesta positiva. Estamos agradecidos y por eso apoyamos estas campa\u00f1as\u201d, reiter\u00f3.<\/p>\n<p style=\"text-align: justify;\">La jornada inici\u00f3 a las 9h00 y culmin\u00f3 a las 19h00, contando con la presencia y colaboraci\u00f3n de donantes voluntarios del Grupo de Caballer\u00eda Blindada N\u00b04 \u201cFebres Cordero, Municipio de Santa Rosa, GAD Parroquial La Avanzada, Concejo Parroquial Urbano de Puerto Jel\u00ed, empresas p\u00fablicas y ciudadanos en general.<\/p>\n","protected":false},"excerpt":{"rendered":"<p>[metaslider id=\u00bb8510&#8243;] Un total de 123 unidades sangu\u00edneas se captaron durante la campa\u00f1a N 21 de donaci\u00f3n de sangre. \u201cOtra Vida Depende de Ti\u201d realizada el mi\u00e9rcoles 16 de agosto, en los bajos de la Municipalidad de Santa Rosa, con&hellip;<\/p>\n","protected":false},"author":990002,"featured_media":8511,"comment_status":"closed","ping_status":"open","sticky":false,"template":"","format":"standard","meta":{"footnotes":""},"categories":[35],"tags":[],"class_list":["post-8508","post","type-post","status-publish","format-standard","has-post-thumbnail","hentry","category-noticias"],"yoast_head":"<!-- This site is optimized with the Yoast SEO plugin v26.8 - https:\/\/yoast.com\/product\/yoast-seo-wordpress\/ -->\n<title>Campa\u00f1a de donaci\u00f3n de sangre \u201cOtra Vida Depende de Ti\u201d recolect\u00f3 123 unidades sangu\u00edneas - GAD Municipal del Cant\u00f3n Santa Rosa<\/title>\n<meta name=\"robots\" content=\"index, follow, max-snippet:-1, max-image-preview:large, max-video-preview:-1\" \/>\n<link rel=\"canonical\" href=\"https:\/\/www.santarosa.gob.ec\/web\/2023\/08\/18\/campana-de-donacion-de-sangre-otra-vida-depende-de-ti-recolecto-123-unidades-sanguineas\/\" \/>\n<meta property=\"og:locale\" content=\"es_ES\" \/>\n<meta property=\"og:type\" content=\"article\" \/>\n<meta property=\"og:title\" content=\"Campa\u00f1a de donaci\u00f3n de sangre \u201cOtra Vida Depende de Ti\u201d recolect\u00f3 123 unidades sangu\u00edneas - GAD Municipal del Cant\u00f3n Santa Rosa\" \/>\n<meta property=\"og:description\" content=\"[metaslider id=\u00bb8510&#8243;] Un total de 123 unidades sangu\u00edneas se captaron durante la campa\u00f1a N 21 de donaci\u00f3n de sangre. \u201cOtra Vida Depende de Ti\u201d realizada el mi\u00e9rcoles 16 de agosto, en los bajos de la Municipalidad de Santa Rosa, con&hellip;\" \/>\n<meta property=\"og:url\" content=\"https:\/\/www.santarosa.gob.ec\/web\/2023\/08\/18\/campana-de-donacion-de-sangre-otra-vida-depende-de-ti-recolecto-123-unidades-sanguineas\/\" \/>\n<meta property=\"og:site_name\" content=\"GAD Municipal del Cant\u00f3n Santa Rosa\" \/>\n<meta property=\"article:published_time\" content=\"2023-08-18T20:07:31+00:00\" \/>\n<meta property=\"og:image\" content=\"https:\/\/www.santarosa.gob.ec\/web\/wp-content\/uploads\/2023\/08\/WhatsApp-Image-2023-08-18-at-3.05.27-PM.jpeg\" \/>\n\t<meta property=\"og:image:width\" content=\"1024\" \/>\n\t<meta property=\"og:image:height\" content=\"886\" \/>\n\t<meta property=\"og:image:type\" content=\"image\/jpeg\" \/>\n<meta name=\"author\" content=\"Tefi\" \/>\n<meta name=\"twitter:card\" content=\"summary_large_image\" \/>\n<meta name=\"twitter:label1\" content=\"Escrito por\" \/>\n\t<meta name=\"twitter:data1\" content=\"Tefi\" \/>\n\t<meta name=\"twitter:label2\" content=\"Tiempo de lectura\" \/>\n\t<meta name=\"twitter:data2\" content=\"1 minuto\" \/>\n<script type=\"application\/ld+json\" class=\"yoast-schema-graph\">{\"@context\":\"https:\/\/schema.org\",\"@graph\":[{\"@type\":\"Article\",\"@id\":\"https:\/\/www.santarosa.gob.ec\/web\/2023\/08\/18\/campana-de-donacion-de-sangre-otra-vida-depende-de-ti-recolecto-123-unidades-sanguineas\/#article\",\"isPartOf\":{\"@id\":\"https:\/\/www.santarosa.gob.ec\/web\/2023\/08\/18\/campana-de-donacion-de-sangre-otra-vida-depende-de-ti-recolecto-123-unidades-sanguineas\/\"},\"author\":{\"name\":\"Tefi\",\"@id\":\"https:\/\/www.santarosa.gob.ec\/web\/#\/schema\/person\/54fea9dc046e5de331b8c1b967303085\"},\"headline\":\"Campa\u00f1a de donaci\u00f3n de sangre \u201cOtra Vida Depende de Ti\u201d recolect\u00f3 123 unidades sangu\u00edneas\",\"datePublished\":\"2023-08-18T20:07:31+00:00\",\"mainEntityOfPage\":{\"@id\":\"https:\/\/www.santarosa.gob.ec\/web\/2023\/08\/18\/campana-de-donacion-de-sangre-otra-vida-depende-de-ti-recolecto-123-unidades-sanguineas\/\"},\"wordCount\":259,\"image\":{\"@id\":\"https:\/\/www.santarosa.gob.ec\/web\/2023\/08\/18\/campana-de-donacion-de-sangre-otra-vida-depende-de-ti-recolecto-123-unidades-sanguineas\/#primaryimage\"},\"thumbnailUrl\":\"https:\/\/www.santarosa.gob.ec\/web\/wp-content\/uploads\/2023\/08\/WhatsApp-Image-2023-08-18-at-3.05.27-PM.jpeg\",\"articleSection\":[\"Noticias\"],\"inLanguage\":\"es\"},{\"@type\":\"WebPage\",\"@id\":\"https:\/\/www.santarosa.gob.ec\/web\/2023\/08\/18\/campana-de-donacion-de-sangre-otra-vida-depende-de-ti-recolecto-123-unidades-sanguineas\/\",\"url\":\"https:\/\/www.santarosa.gob.ec\/web\/2023\/08\/18\/campana-de-donacion-de-sangre-otra-vida-depende-de-ti-recolecto-123-unidades-sanguineas\/\",\"name\":\"Campa\u00f1a de donaci\u00f3n de sangre \u201cOtra Vida Depende de Ti\u201d recolect\u00f3 123 unidades sangu\u00edneas - GAD Municipal del Cant\u00f3n Santa Rosa\",\"isPartOf\":{\"@id\":\"https:\/\/www.santarosa.gob.ec\/web\/#website\"},\"primaryImageOfPage\":{\"@id\":\"https:\/\/www.santarosa.gob.ec\/web\/2023\/08\/18\/campana-de-donacion-de-sangre-otra-vida-depende-de-ti-recolecto-123-unidades-sanguineas\/#primaryimage\"},\"image\":{\"@id\":\"https:\/\/www.santarosa.gob.ec\/web\/2023\/08\/18\/campana-de-donacion-de-sangre-otra-vida-depende-de-ti-recolecto-123-unidades-sanguineas\/#primaryimage\"},\"thumbnailUrl\":\"https:\/\/www.santarosa.gob.ec\/web\/wp-content\/uploads\/2023\/08\/WhatsApp-Image-2023-08-18-at-3.05.27-PM.jpeg\",\"datePublished\":\"2023-08-18T20:07:31+00:00\",\"author\":{\"@id\":\"https:\/\/www.santarosa.gob.ec\/web\/#\/schema\/person\/54fea9dc046e5de331b8c1b967303085\"},\"breadcrumb\":{\"@id\":\"https:\/\/www.santarosa.gob.ec\/web\/2023\/08\/18\/campana-de-donacion-de-sangre-otra-vida-depende-de-ti-recolecto-123-unidades-sanguineas\/#breadcrumb\"},\"inLanguage\":\"es\",\"potentialAction\":[{\"@type\":\"ReadAction\",\"target\":[\"https:\/\/www.santarosa.gob.ec\/web\/2023\/08\/18\/campana-de-donacion-de-sangre-otra-vida-depende-de-ti-recolecto-123-unidades-sanguineas\/\"]}]},{\"@type\":\"ImageObject\",\"inLanguage\":\"es\",\"@id\":\"https:\/\/www.santarosa.gob.ec\/web\/2023\/08\/18\/campana-de-donacion-de-sangre-otra-vida-depende-de-ti-recolecto-123-unidades-sanguineas\/#primaryimage\",\"url\":\"https:\/\/www.santarosa.gob.ec\/web\/wp-content\/uploads\/2023\/08\/WhatsApp-Image-2023-08-18-at-3.05.27-PM.jpeg\",\"contentUrl\":\"https:\/\/www.santarosa.gob.ec\/web\/wp-content\/uploads\/2023\/08\/WhatsApp-Image-2023-08-18-at-3.05.27-PM.jpeg\",\"width\":1024,\"height\":886},{\"@type\":\"BreadcrumbList\",\"@id\":\"https:\/\/www.santarosa.gob.ec\/web\/2023\/08\/18\/campana-de-donacion-de-sangre-otra-vida-depende-de-ti-recolecto-123-unidades-sanguineas\/#breadcrumb\",\"itemListElement\":[{\"@type\":\"ListItem\",\"position\":1,\"name\":\"Portada\",\"item\":\"https:\/\/www.santarosa.gob.ec\/web\/\"},{\"@type\":\"ListItem\",\"position\":2,\"name\":\"Campa\u00f1a de donaci\u00f3n de sangre \u201cOtra Vida Depende de Ti\u201d recolect\u00f3 123 unidades sangu\u00edneas\"}]},{\"@type\":\"WebSite\",\"@id\":\"https:\/\/www.santarosa.gob.ec\/web\/#website\",\"url\":\"https:\/\/www.santarosa.gob.ec\/web\/\",\"name\":\"GAD Municipal del Cant\u00f3n Santa Rosa\",\"description\":\"\",\"potentialAction\":[{\"@type\":\"SearchAction\",\"target\":{\"@type\":\"EntryPoint\",\"urlTemplate\":\"https:\/\/www.santarosa.gob.ec\/web\/?s={search_term_string}\"},\"query-input\":{\"@type\":\"PropertyValueSpecification\",\"valueRequired\":true,\"valueName\":\"search_term_string\"}}],\"inLanguage\":\"es\"},{\"@type\":\"Person\",\"@id\":\"https:\/\/www.santarosa.gob.ec\/web\/#\/schema\/person\/54fea9dc046e5de331b8c1b967303085\",\"name\":\"Tefi\",\"image\":{\"@type\":\"ImageObject\",\"inLanguage\":\"es\",\"@id\":\"https:\/\/www.santarosa.gob.ec\/web\/#\/schema\/person\/image\/\",\"url\":\"https:\/\/secure.gravatar.com\/avatar\/bf8b22ea88e2f5bb54ee0fab29c1c9fe725323f01d47d3166909a28783019cfa?s=96&d=mm&r=g\",\"contentUrl\":\"https:\/\/secure.gravatar.com\/avatar\/bf8b22ea88e2f5bb54ee0fab29c1c9fe725323f01d47d3166909a28783019cfa?s=96&d=mm&r=g\",\"caption\":\"Tefi\"},\"url\":\"https:\/\/www.santarosa.gob.ec\/web\/author\/comunicacion\/\"}]}<\/script>\n<!-- \/ Yoast SEO plugin. -->","yoast_head_json":{"title":"Campa\u00f1a de donaci\u00f3n de sangre \u201cOtra Vida Depende de Ti\u201d recolect\u00f3 123 unidades sangu\u00edneas - GAD Municipal del Cant\u00f3n Santa Rosa","robots":{"index":"index","follow":"follow","max-snippet":"max-snippet:-1","max-image-preview":"max-image-preview:large","max-video-preview":"max-video-preview:-1"},"canonical":"https:\/\/www.santarosa.gob.ec\/web\/2023\/08\/18\/campana-de-donacion-de-sangre-otra-vida-depende-de-ti-recolecto-123-unidades-sanguineas\/","og_locale":"es_ES","og_type":"article","og_title":"Campa\u00f1a de donaci\u00f3n de sangre \u201cOtra Vida Depende de Ti\u201d recolect\u00f3 123 unidades sangu\u00edneas - GAD Municipal del Cant\u00f3n Santa Rosa","og_description":"[metaslider id=\u00bb8510&#8243;] Un total de 123 unidades sangu\u00edneas se captaron durante la campa\u00f1a N 21 de donaci\u00f3n de sangre. \u201cOtra Vida Depende de Ti\u201d realizada el mi\u00e9rcoles 16 de agosto, en los bajos de la Municipalidad de Santa Rosa, con&hellip;","og_url":"https:\/\/www.santarosa.gob.ec\/web\/2023\/08\/18\/campana-de-donacion-de-sangre-otra-vida-depende-de-ti-recolecto-123-unidades-sanguineas\/","og_site_name":"GAD Municipal del Cant\u00f3n Santa Rosa","article_published_time":"2023-08-18T20:07:31+00:00","og_image":[{"width":1024,"height":886,"url":"https:\/\/www.santarosa.gob.ec\/web\/wp-content\/uploads\/2023\/08\/WhatsApp-Image-2023-08-18-at-3.05.27-PM.jpeg","type":"image\/jpeg"}],"author":"Tefi","twitter_card":"summary_large_image","twitter_misc":{"Escrito por":"Tefi","Tiempo de lectura":"1 minuto"},"schema":{"@context":"https:\/\/schema.org","@graph":[{"@type":"Article","@id":"https:\/\/www.santarosa.gob.ec\/web\/2023\/08\/18\/campana-de-donacion-de-sangre-otra-vida-depende-de-ti-recolecto-123-unidades-sanguineas\/#article","isPartOf":{"@id":"https:\/\/www.santarosa.gob.ec\/web\/2023\/08\/18\/campana-de-donacion-de-sangre-otra-vida-depende-de-ti-recolecto-123-unidades-sanguineas\/"},"author":{"name":"Tefi","@id":"https:\/\/www.santarosa.gob.ec\/web\/#\/schema\/person\/54fea9dc046e5de331b8c1b967303085"},"headline":"Campa\u00f1a de donaci\u00f3n de sangre \u201cOtra Vida Depende de Ti\u201d recolect\u00f3 123 unidades sangu\u00edneas","datePublished":"2023-08-18T20:07:31+00:00","mainEntityOfPage":{"@id":"https:\/\/www.santarosa.gob.ec\/web\/2023\/08\/18\/campana-de-donacion-de-sangre-otra-vida-depende-de-ti-recolecto-123-unidades-sanguineas\/"},"wordCount":259,"image":{"@id":"https:\/\/www.santarosa.gob.ec\/web\/2023\/08\/18\/campana-de-donacion-de-sangre-otra-vida-depende-de-ti-recolecto-123-unidades-sanguineas\/#primaryimage"},"thumbnailUrl":"https:\/\/www.santarosa.gob.ec\/web\/wp-content\/uploads\/2023\/08\/WhatsApp-Image-2023-08-18-at-3.05.27-PM.jpeg","articleSection":["Noticias"],"inLanguage":"es"},{"@type":"WebPage","@id":"https:\/\/www.santarosa.gob.ec\/web\/2023\/08\/18\/campana-de-donacion-de-sangre-otra-vida-depende-de-ti-recolecto-123-unidades-sanguineas\/","url":"https:\/\/www.santarosa.gob.ec\/web\/2023\/08\/18\/campana-de-donacion-de-sangre-otra-vida-depende-de-ti-recolecto-123-unidades-sanguineas\/","name":"Campa\u00f1a de donaci\u00f3n de sangre \u201cOtra Vida Depende de Ti\u201d recolect\u00f3 123 unidades sangu\u00edneas - GAD Municipal del Cant\u00f3n Santa Rosa","isPartOf":{"@id":"https:\/\/www.santarosa.gob.ec\/web\/#website"},"primaryImageOfPage":{"@id":"https:\/\/www.santarosa.gob.ec\/web\/2023\/08\/18\/campana-de-donacion-de-sangre-otra-vida-depende-de-ti-recolecto-123-unidades-sanguineas\/#primaryimage"},"image":{"@id":"https:\/\/www.santarosa.gob.ec\/web\/2023\/08\/18\/campana-de-donacion-de-sangre-otra-vida-depende-de-ti-recolecto-123-unidades-sanguineas\/#primaryimage"},"thumbnailUrl":"https:\/\/www.santarosa.gob.ec\/web\/wp-content\/uploads\/2023\/08\/WhatsApp-Image-2023-08-18-at-3.05.27-PM.jpeg","datePublished":"2023-08-18T20:07:31+00:00","author":{"@id":"https:\/\/www.santarosa.gob.ec\/web\/#\/schema\/person\/54fea9dc046e5de331b8c1b967303085"},"breadcrumb":{"@id":"https:\/\/www.santarosa.gob.ec\/web\/2023\/08\/18\/campana-de-donacion-de-sangre-otra-vida-depende-de-ti-recolecto-123-unidades-sanguineas\/#breadcrumb"},"inLanguage":"es","potentialAction":[{"@type":"ReadAction","target":["https:\/\/www.santarosa.gob.ec\/web\/2023\/08\/18\/campana-de-donacion-de-sangre-otra-vida-depende-de-ti-recolecto-123-unidades-sanguineas\/"]}]},{"@type":"ImageObject","inLanguage":"es","@id":"https:\/\/www.santarosa.gob.ec\/web\/2023\/08\/18\/campana-de-donacion-de-sangre-otra-vida-depende-de-ti-recolecto-123-unidades-sanguineas\/#primaryimage","url":"https:\/\/www.santarosa.gob.ec\/web\/wp-content\/uploads\/2023\/08\/WhatsApp-Image-2023-08-18-at-3.05.27-PM.jpeg","contentUrl":"https:\/\/www.santarosa.gob.ec\/web\/wp-content\/uploads\/2023\/08\/WhatsApp-Image-2023-08-18-at-3.05.27-PM.jpeg","width":1024,"height":886},{"@type":"BreadcrumbList","@id":"https:\/\/www.santarosa.gob.ec\/web\/2023\/08\/18\/campana-de-donacion-de-sangre-otra-vida-depende-de-ti-recolecto-123-unidades-sanguineas\/#breadcrumb","itemListElement":[{"@type":"ListItem","position":1,"name":"Portada","item":"https:\/\/www.santarosa.gob.ec\/web\/"},{"@type":"ListItem","position":2,"name":"Campa\u00f1a de donaci\u00f3n de sangre \u201cOtra Vida Depende de Ti\u201d recolect\u00f3 123 unidades sangu\u00edneas"}]},{"@type":"WebSite","@id":"https:\/\/www.santarosa.gob.ec\/web\/#website","url":"https:\/\/www.santarosa.gob.ec\/web\/","name":"GAD Municipal del Cant\u00f3n Santa Rosa","description":"","potentialAction":[{"@type":"SearchAction","target":{"@type":"EntryPoint","urlTemplate":"https:\/\/www.santarosa.gob.ec\/web\/?s={search_term_string}"},"query-input":{"@type":"PropertyValueSpecification","valueRequired":true,"valueName":"search_term_string"}}],"inLanguage":"es"},{"@type":"Person","@id":"https:\/\/www.santarosa.gob.ec\/web\/#\/schema\/person\/54fea9dc046e5de331b8c1b967303085","name":"Tefi","image":{"@type":"ImageObject","inLanguage":"es","@id":"https:\/\/www.santarosa.gob.ec\/web\/#\/schema\/person\/image\/","url":"https:\/\/secure.gravatar.com\/avatar\/bf8b22ea88e2f5bb54ee0fab29c1c9fe725323f01d47d3166909a28783019cfa?s=96&d=mm&r=g","contentUrl":"https:\/\/secure.gravatar.com\/avatar\/bf8b22ea88e2f5bb54ee0fab29c1c9fe725323f01d47d3166909a28783019cfa?s=96&d=mm&r=g","caption":"Tefi"},"url":"https:\/\/www.santarosa.gob.ec\/web\/author\/comunicacion\/"}]}},"_links":{"self":[{"href":"https:\/\/www.santarosa.gob.ec\/web\/wp-json\/wp\/v2\/posts\/8508","targetHints":{"allow":["GET"]}}],"collection":[{"href":"https:\/\/www.santarosa.gob.ec\/web\/wp-json\/wp\/v2\/posts"}],"about":[{"href":"https:\/\/www.santarosa.gob.ec\/web\/wp-json\/wp\/v2\/types\/post"}],"author":[{"embeddable":true,"href":"https:\/\/www.santarosa.gob.ec\/web\/wp-json\/wp\/v2\/users\/990002"}],"replies":[{"embeddable":true,"href":"https:\/\/www.santarosa.gob.ec\/web\/wp-json\/wp\/v2\/comments?post=8508"}],"version-history":[{"count":0,"href":"https:\/\/www.santarosa.gob.ec\/web\/wp-json\/wp\/v2\/posts\/8508\/revisions"}],"wp:featuredmedia":[{"embeddable":true,"href":"https:\/\/www.santarosa.gob.ec\/web\/wp-json\/wp\/v2\/media\/8511"}],"wp:attachment":[{"href":"https:\/\/www.santarosa.gob.ec\/web\/wp-json\/wp\/v2\/media?parent=8508"}],"wp:term":[{"taxonomy":"category","embeddable":true,"href":"https:\/\/www.santarosa.gob.ec\/web\/wp-json\/wp\/v2\/categories?post=8508"},{"taxonomy":"post_tag","embeddable":true,"href":"https:\/\/www.santarosa.gob.ec\/web\/wp-json\/wp\/v2\/tags?post=8508"}],"curies":[{"name":"wp","href":"https:\/\/api.w.org\/{rel}","templated":true}]}}