{"id":4794,"date":"2022-02-01T09:40:24","date_gmt":"2022-02-01T14:40:24","guid":{"rendered":"http:\/\/www.santarosa.gob.ec\/web\/?p=4794"},"modified":"2022-02-01T09:40:55","modified_gmt":"2022-02-01T14:40:55","slug":"alcalde-larry-vite-firma-convenio-con-la-coordinacion-zonal-salud-7-para-los-estudios-de-construccion-del-nuevo-hospital-santa-teresita","status":"publish","type":"post","link":"https:\/\/www.santarosa.gob.ec\/web\/2022\/02\/01\/alcalde-larry-vite-firma-convenio-con-la-coordinacion-zonal-salud-7-para-los-estudios-de-construccion-del-nuevo-hospital-santa-teresita\/","title":{"rendered":"ALCALDE LARRY VITE FIRMA CONVENIO CON LA COORDINACI\u00d3N ZONAL SALUD 7 PARA LOS ESTUDIOS DE CONSTRUCCI\u00d3N DEL NUEVO HOSPITAL SANTA TERESITA"},"content":{"rendered":"<div class=\"cxmmr5t8 oygrvhab hcukyx3x c1et5uql o9v6fnle ii04i59q\">\n<div dir=\"auto\">[metaslider id=\u00bb4781&#8243;]<\/div>\n<div dir=\"auto\" style=\"text-align: justify;\">Con la firma del convenio interinstitucional, acto desarrollado v\u00eda zoom con la participaci\u00f3n del alcalde de Santa Rosa, <a class=\"oajrlxb2 g5ia77u1 qu0x051f esr5mh6w e9989ue4 r7d6kgcz rq0escxv nhd2j8a9 nc684nl6 p7hjln8o kvgmc6g5 cxmmr5t8 oygrvhab hcukyx3x jb3vyjys rz4wbd8a qt6c0cv9 a8nywdso i1ao9s8h esuyzwwr f1sip0of lzcic4wl gpro0wi8 q66pz984 b1v8xokw\" tabindex=\"0\" role=\"link\" href=\"https:\/\/www.facebook.com\/larryvitec\/?__cft__[0]=AZXPEl7UTqk7u5IW1VWGuK9JOhkcqMeJuD199pLGPDqIJotM75MLA98l6_Ba226xb6E6vkrEVkr80rffu3czuJga16m-qxqmJjInSgltahHq-kKX7GYrJICUEVzZAQb9P8gXOwwJvCvbnORb9cK0coac&amp;__tn__=kK-R\"><span class=\"nc684nl6\">LArry Vite<\/span><\/a> y la coordinadora Zonal 7-Salud, Isabel Cueva, suscribieron el convenio de apoyo interinstitucional que significa un paso muy importante para conseguir la construcci\u00f3n del tan anhelado hospital que merece Santa Rosa.<\/div>\n<\/div>\n<div class=\"cxmmr5t8 oygrvhab hcukyx3x c1et5uql o9v6fnle ii04i59q\" style=\"text-align: justify;\">\n<div dir=\"auto\">El burgomaestre destac\u00f3 que esta es una lucha ciudadana, a la cual se uni\u00f3 para otorgar recursos municipales que financien la contrataci\u00f3n de estudios. \u00abC\u00f3mo GAD Municipal hemos destinado una partida presupuestaria de aproximadamente $ 450.000; sin embargo, estamos a la espera del plan m\u00e9dico funcional que nos brindar\u00e1 un apoyo en los t\u00e9rminos de referencia en el campo de la salud\u00bb, acot\u00f3.<\/div>\n<\/div>\n<div class=\"cxmmr5t8 oygrvhab hcukyx3x c1et5uql o9v6fnle ii04i59q\" style=\"text-align: justify;\">\n<div dir=\"auto\">El alcalde mencion\u00f3 que el d\u00eda jueves se socializar\u00e1 el plan m\u00e9dico funcional, a partir de esta instancia se establecer\u00e1n los par\u00e1metros econ\u00f3micos, lo que permitir\u00e1 dar paso a la consultor\u00eda que debe ser entregada hasta el mes de agosto para ser incorporada en la partida presupuestaria de esta cartera de estado.<\/div>\n<\/div>\n<div class=\"cxmmr5t8 oygrvhab hcukyx3x c1et5uql o9v6fnle ii04i59q\" style=\"text-align: justify;\">\n<div dir=\"auto\">En noviembre del a\u00f1o pasado, la ministra de Salud Ximena Garz\u00f3n, durante su comparecencia en la Comisi\u00f3n Especializada Permanente de Transparencia, Participaci\u00f3n Ciudadana y Control Social de la Asamblea Nacional, sostuvo que el Gobierno tiene previsto invertir alrededor de 55&#8217;000.000.00 en el proyecto de construcci\u00f3n de la nueva infraestructura del Hospital B\u00e1sico Santa Teresita.<\/div>\n<\/div>\n<div class=\"cxmmr5t8 oygrvhab hcukyx3x c1et5uql o9v6fnle ii04i59q\" style=\"text-align: justify;\">\n<div dir=\"auto\">El director del Distrito 07D06 Santa Rosa &#8211; Salud, Dr. Wimper Corral, sostuvo que la firma de este convenio permitir\u00e1 acelerar el proceso de construcci\u00f3n de la casa de salud, debido a que los problemas de infraestructura son evidentes. \u00abEsto beneficiar\u00e1 sin duda a la poblaci\u00f3n y ayudar\u00e1 al sistema de atenci\u00f3n m\u00e9dica en Santa Rosa y la provincia de El Oro\u00bb, se\u00f1al\u00f3.<\/div>\n<\/div>\n<div class=\"cxmmr5t8 oygrvhab hcukyx3x c1et5uql o9v6fnle ii04i59q\" style=\"text-align: justify;\">\n<div dir=\"auto\">De su parte, Marco Feij\u00f3o, representante del Comit\u00e9 Pro-construcci\u00f3n del Hospital Santa Teresita, organizaci\u00f3n ciudadana creada en el 2018, resalt\u00f3 la predisposici\u00f3n del alcalde Larry Vite. \u00abNosotros, siempre tuvimos en cuenta problema presupuestario, buscamos a los alcaldes de turno para realizar esta gesti\u00f3n; por esa raz\u00f3n, agradezco al Ing. LArry por apoyarnos y buscar los mecanismos necesarios para conseguirlo\u00bb, a\u00f1adi\u00f3.<\/div>\n<\/div>\n<div class=\"cxmmr5t8 oygrvhab hcukyx3x c1et5uql o9v6fnle ii04i59q\">\n<div dir=\"auto\" style=\"text-align: justify;\">Del acto participaron el Director del Distrito de Salud 07D06 Santa Rosa, Dr. Wimper Corral; Director del Hospital Santa Teresita, Dr. Ra\u00fal Aguirre; representante del Comit\u00e9 Pro-cosnstrucci\u00f3n del Hospital Santa Teresita, De. Marco Feijoo y los concejales Javier Nieto, Juan Carlos Medina.<\/div>\n<\/div>\n","protected":false},"excerpt":{"rendered":"<p>[metaslider id=\u00bb4781&#8243;] Con la firma del convenio interinstitucional, acto desarrollado v\u00eda zoom con la participaci\u00f3n del alcalde de Santa Rosa, LArry Vite y la coordinadora Zonal 7-Salud, Isabel Cueva, suscribieron el convenio de apoyo interinstitucional que significa un paso muy&hellip;<\/p>\n","protected":false},"author":990002,"featured_media":4787,"comment_status":"closed","ping_status":"open","sticky":false,"template":"","format":"standard","meta":{"footnotes":""},"categories":[35],"tags":[],"class_list":["post-4794","post","type-post","status-publish","format-standard","has-post-thumbnail","hentry","category-noticias"],"yoast_head":"<!-- This site is optimized with the Yoast SEO plugin v26.8 - https:\/\/yoast.com\/product\/yoast-seo-wordpress\/ -->\n<title>ALCALDE LARRY VITE FIRMA CONVENIO CON LA COORDINACI\u00d3N ZONAL SALUD 7 PARA LOS ESTUDIOS DE CONSTRUCCI\u00d3N DEL NUEVO HOSPITAL SANTA TERESITA - GAD Municipal del Cant\u00f3n Santa Rosa<\/title>\n<meta name=\"robots\" content=\"index, follow, max-snippet:-1, max-image-preview:large, max-video-preview:-1\" \/>\n<link rel=\"canonical\" href=\"http:\/\/www.santarosa.gob.ec\/web\/2022\/02\/01\/alcalde-larry-vite-firma-convenio-con-la-coordinacion-zonal-salud-7-para-los-estudios-de-construccion-del-nuevo-hospital-santa-teresita\/\" \/>\n<meta property=\"og:locale\" content=\"es_ES\" \/>\n<meta property=\"og:type\" content=\"article\" \/>\n<meta property=\"og:title\" content=\"ALCALDE LARRY VITE FIRMA CONVENIO CON LA COORDINACI\u00d3N ZONAL SALUD 7 PARA LOS ESTUDIOS DE CONSTRUCCI\u00d3N DEL NUEVO HOSPITAL SANTA TERESITA - GAD Municipal del Cant\u00f3n Santa Rosa\" \/>\n<meta property=\"og:description\" content=\"[metaslider id=\u00bb4781&#8243;] Con la firma del convenio interinstitucional, acto desarrollado v\u00eda zoom con la participaci\u00f3n del alcalde de Santa Rosa, LArry Vite y la coordinadora Zonal 7-Salud, Isabel Cueva, suscribieron el convenio de apoyo interinstitucional que significa un paso muy&hellip;\" \/>\n<meta property=\"og:url\" content=\"http:\/\/www.santarosa.gob.ec\/web\/2022\/02\/01\/alcalde-larry-vite-firma-convenio-con-la-coordinacion-zonal-salud-7-para-los-estudios-de-construccion-del-nuevo-hospital-santa-teresita\/\" \/>\n<meta property=\"og:site_name\" content=\"GAD Municipal del Cant\u00f3n Santa Rosa\" \/>\n<meta property=\"article:published_time\" content=\"2022-02-01T14:40:24+00:00\" \/>\n<meta property=\"article:modified_time\" content=\"2022-02-01T14:40:55+00:00\" \/>\n<meta property=\"og:image\" content=\"http:\/\/www.santarosa.gob.ec\/web\/wp-content\/uploads\/2022\/02\/272535044_303009271872335_5937523102076752802_n.jpg\" \/>\n\t<meta property=\"og:image:width\" content=\"960\" \/>\n\t<meta property=\"og:image:height\" content=\"720\" \/>\n\t<meta property=\"og:image:type\" content=\"image\/jpeg\" \/>\n<meta name=\"author\" content=\"Tefi\" \/>\n<meta name=\"twitter:card\" content=\"summary_large_image\" \/>\n<meta name=\"twitter:label1\" content=\"Escrito por\" \/>\n\t<meta name=\"twitter:data1\" content=\"Tefi\" \/>\n\t<meta name=\"twitter:label2\" content=\"Tiempo de lectura\" \/>\n\t<meta name=\"twitter:data2\" content=\"2 minutos\" \/>\n<script type=\"application\/ld+json\" class=\"yoast-schema-graph\">{\"@context\":\"https:\/\/schema.org\",\"@graph\":[{\"@type\":\"Article\",\"@id\":\"http:\/\/www.santarosa.gob.ec\/web\/2022\/02\/01\/alcalde-larry-vite-firma-convenio-con-la-coordinacion-zonal-salud-7-para-los-estudios-de-construccion-del-nuevo-hospital-santa-teresita\/#article\",\"isPartOf\":{\"@id\":\"http:\/\/www.santarosa.gob.ec\/web\/2022\/02\/01\/alcalde-larry-vite-firma-convenio-con-la-coordinacion-zonal-salud-7-para-los-estudios-de-construccion-del-nuevo-hospital-santa-teresita\/\"},\"author\":{\"name\":\"Tefi\",\"@id\":\"https:\/\/www.santarosa.gob.ec\/web\/#\/schema\/person\/54fea9dc046e5de331b8c1b967303085\"},\"headline\":\"ALCALDE LARRY VITE FIRMA CONVENIO CON LA COORDINACI\u00d3N ZONAL SALUD 7 PARA LOS ESTUDIOS DE CONSTRUCCI\u00d3N DEL NUEVO HOSPITAL SANTA TERESITA\",\"datePublished\":\"2022-02-01T14:40:24+00:00\",\"dateModified\":\"2022-02-01T14:40:55+00:00\",\"mainEntityOfPage\":{\"@id\":\"http:\/\/www.santarosa.gob.ec\/web\/2022\/02\/01\/alcalde-larry-vite-firma-convenio-con-la-coordinacion-zonal-salud-7-para-los-estudios-de-construccion-del-nuevo-hospital-santa-teresita\/\"},\"wordCount\":439,\"image\":{\"@id\":\"http:\/\/www.santarosa.gob.ec\/web\/2022\/02\/01\/alcalde-larry-vite-firma-convenio-con-la-coordinacion-zonal-salud-7-para-los-estudios-de-construccion-del-nuevo-hospital-santa-teresita\/#primaryimage\"},\"thumbnailUrl\":\"https:\/\/www.santarosa.gob.ec\/web\/wp-content\/uploads\/2022\/02\/272535044_303009271872335_5937523102076752802_n.jpg\",\"articleSection\":[\"Noticias\"],\"inLanguage\":\"es\"},{\"@type\":\"WebPage\",\"@id\":\"http:\/\/www.santarosa.gob.ec\/web\/2022\/02\/01\/alcalde-larry-vite-firma-convenio-con-la-coordinacion-zonal-salud-7-para-los-estudios-de-construccion-del-nuevo-hospital-santa-teresita\/\",\"url\":\"http:\/\/www.santarosa.gob.ec\/web\/2022\/02\/01\/alcalde-larry-vite-firma-convenio-con-la-coordinacion-zonal-salud-7-para-los-estudios-de-construccion-del-nuevo-hospital-santa-teresita\/\",\"name\":\"ALCALDE LARRY VITE FIRMA CONVENIO CON LA COORDINACI\u00d3N ZONAL SALUD 7 PARA LOS ESTUDIOS DE CONSTRUCCI\u00d3N DEL NUEVO HOSPITAL SANTA TERESITA - GAD Municipal del Cant\u00f3n Santa Rosa\",\"isPartOf\":{\"@id\":\"https:\/\/www.santarosa.gob.ec\/web\/#website\"},\"primaryImageOfPage\":{\"@id\":\"http:\/\/www.santarosa.gob.ec\/web\/2022\/02\/01\/alcalde-larry-vite-firma-convenio-con-la-coordinacion-zonal-salud-7-para-los-estudios-de-construccion-del-nuevo-hospital-santa-teresita\/#primaryimage\"},\"image\":{\"@id\":\"http:\/\/www.santarosa.gob.ec\/web\/2022\/02\/01\/alcalde-larry-vite-firma-convenio-con-la-coordinacion-zonal-salud-7-para-los-estudios-de-construccion-del-nuevo-hospital-santa-teresita\/#primaryimage\"},\"thumbnailUrl\":\"https:\/\/www.santarosa.gob.ec\/web\/wp-content\/uploads\/2022\/02\/272535044_303009271872335_5937523102076752802_n.jpg\",\"datePublished\":\"2022-02-01T14:40:24+00:00\",\"dateModified\":\"2022-02-01T14:40:55+00:00\",\"author\":{\"@id\":\"https:\/\/www.santarosa.gob.ec\/web\/#\/schema\/person\/54fea9dc046e5de331b8c1b967303085\"},\"breadcrumb\":{\"@id\":\"http:\/\/www.santarosa.gob.ec\/web\/2022\/02\/01\/alcalde-larry-vite-firma-convenio-con-la-coordinacion-zonal-salud-7-para-los-estudios-de-construccion-del-nuevo-hospital-santa-teresita\/#breadcrumb\"},\"inLanguage\":\"es\",\"potentialAction\":[{\"@type\":\"ReadAction\",\"target\":[\"http:\/\/www.santarosa.gob.ec\/web\/2022\/02\/01\/alcalde-larry-vite-firma-convenio-con-la-coordinacion-zonal-salud-7-para-los-estudios-de-construccion-del-nuevo-hospital-santa-teresita\/\"]}]},{\"@type\":\"ImageObject\",\"inLanguage\":\"es\",\"@id\":\"http:\/\/www.santarosa.gob.ec\/web\/2022\/02\/01\/alcalde-larry-vite-firma-convenio-con-la-coordinacion-zonal-salud-7-para-los-estudios-de-construccion-del-nuevo-hospital-santa-teresita\/#primaryimage\",\"url\":\"https:\/\/www.santarosa.gob.ec\/web\/wp-content\/uploads\/2022\/02\/272535044_303009271872335_5937523102076752802_n.jpg\",\"contentUrl\":\"https:\/\/www.santarosa.gob.ec\/web\/wp-content\/uploads\/2022\/02\/272535044_303009271872335_5937523102076752802_n.jpg\",\"width\":960,\"height\":720},{\"@type\":\"BreadcrumbList\",\"@id\":\"http:\/\/www.santarosa.gob.ec\/web\/2022\/02\/01\/alcalde-larry-vite-firma-convenio-con-la-coordinacion-zonal-salud-7-para-los-estudios-de-construccion-del-nuevo-hospital-santa-teresita\/#breadcrumb\",\"itemListElement\":[{\"@type\":\"ListItem\",\"position\":1,\"name\":\"Portada\",\"item\":\"https:\/\/www.santarosa.gob.ec\/web\/\"},{\"@type\":\"ListItem\",\"position\":2,\"name\":\"ALCALDE LARRY VITE FIRMA CONVENIO CON LA COORDINACI\u00d3N ZONAL SALUD 7 PARA LOS ESTUDIOS DE CONSTRUCCI\u00d3N DEL NUEVO HOSPITAL SANTA TERESITA\"}]},{\"@type\":\"WebSite\",\"@id\":\"https:\/\/www.santarosa.gob.ec\/web\/#website\",\"url\":\"https:\/\/www.santarosa.gob.ec\/web\/\",\"name\":\"GAD Municipal del Cant\u00f3n Santa Rosa\",\"description\":\"\",\"potentialAction\":[{\"@type\":\"SearchAction\",\"target\":{\"@type\":\"EntryPoint\",\"urlTemplate\":\"https:\/\/www.santarosa.gob.ec\/web\/?s={search_term_string}\"},\"query-input\":{\"@type\":\"PropertyValueSpecification\",\"valueRequired\":true,\"valueName\":\"search_term_string\"}}],\"inLanguage\":\"es\"},{\"@type\":\"Person\",\"@id\":\"https:\/\/www.santarosa.gob.ec\/web\/#\/schema\/person\/54fea9dc046e5de331b8c1b967303085\",\"name\":\"Tefi\",\"image\":{\"@type\":\"ImageObject\",\"inLanguage\":\"es\",\"@id\":\"https:\/\/www.santarosa.gob.ec\/web\/#\/schema\/person\/image\/\",\"url\":\"https:\/\/secure.gravatar.com\/avatar\/bf8b22ea88e2f5bb54ee0fab29c1c9fe725323f01d47d3166909a28783019cfa?s=96&d=mm&r=g\",\"contentUrl\":\"https:\/\/secure.gravatar.com\/avatar\/bf8b22ea88e2f5bb54ee0fab29c1c9fe725323f01d47d3166909a28783019cfa?s=96&d=mm&r=g\",\"caption\":\"Tefi\"},\"url\":\"https:\/\/www.santarosa.gob.ec\/web\/author\/comunicacion\/\"}]}<\/script>\n<!-- \/ Yoast SEO plugin. -->","yoast_head_json":{"title":"ALCALDE LARRY VITE FIRMA CONVENIO CON LA COORDINACI\u00d3N ZONAL SALUD 7 PARA LOS ESTUDIOS DE CONSTRUCCI\u00d3N DEL NUEVO HOSPITAL SANTA TERESITA - GAD Municipal del Cant\u00f3n Santa Rosa","robots":{"index":"index","follow":"follow","max-snippet":"max-snippet:-1","max-image-preview":"max-image-preview:large","max-video-preview":"max-video-preview:-1"},"canonical":"http:\/\/www.santarosa.gob.ec\/web\/2022\/02\/01\/alcalde-larry-vite-firma-convenio-con-la-coordinacion-zonal-salud-7-para-los-estudios-de-construccion-del-nuevo-hospital-santa-teresita\/","og_locale":"es_ES","og_type":"article","og_title":"ALCALDE LARRY VITE FIRMA CONVENIO CON LA COORDINACI\u00d3N ZONAL SALUD 7 PARA LOS ESTUDIOS DE CONSTRUCCI\u00d3N DEL NUEVO HOSPITAL SANTA TERESITA - GAD Municipal del Cant\u00f3n Santa Rosa","og_description":"[metaslider id=\u00bb4781&#8243;] Con la firma del convenio interinstitucional, acto desarrollado v\u00eda zoom con la participaci\u00f3n del alcalde de Santa Rosa, LArry Vite y la coordinadora Zonal 7-Salud, Isabel Cueva, suscribieron el convenio de apoyo interinstitucional que significa un paso muy&hellip;","og_url":"http:\/\/www.santarosa.gob.ec\/web\/2022\/02\/01\/alcalde-larry-vite-firma-convenio-con-la-coordinacion-zonal-salud-7-para-los-estudios-de-construccion-del-nuevo-hospital-santa-teresita\/","og_site_name":"GAD Municipal del Cant\u00f3n Santa Rosa","article_published_time":"2022-02-01T14:40:24+00:00","article_modified_time":"2022-02-01T14:40:55+00:00","og_image":[{"width":960,"height":720,"url":"http:\/\/www.santarosa.gob.ec\/web\/wp-content\/uploads\/2022\/02\/272535044_303009271872335_5937523102076752802_n.jpg","type":"image\/jpeg"}],"author":"Tefi","twitter_card":"summary_large_image","twitter_misc":{"Escrito por":"Tefi","Tiempo de lectura":"2 minutos"},"schema":{"@context":"https:\/\/schema.org","@graph":[{"@type":"Article","@id":"http:\/\/www.santarosa.gob.ec\/web\/2022\/02\/01\/alcalde-larry-vite-firma-convenio-con-la-coordinacion-zonal-salud-7-para-los-estudios-de-construccion-del-nuevo-hospital-santa-teresita\/#article","isPartOf":{"@id":"http:\/\/www.santarosa.gob.ec\/web\/2022\/02\/01\/alcalde-larry-vite-firma-convenio-con-la-coordinacion-zonal-salud-7-para-los-estudios-de-construccion-del-nuevo-hospital-santa-teresita\/"},"author":{"name":"Tefi","@id":"https:\/\/www.santarosa.gob.ec\/web\/#\/schema\/person\/54fea9dc046e5de331b8c1b967303085"},"headline":"ALCALDE LARRY VITE FIRMA CONVENIO CON LA COORDINACI\u00d3N ZONAL SALUD 7 PARA LOS ESTUDIOS DE CONSTRUCCI\u00d3N DEL NUEVO HOSPITAL SANTA TERESITA","datePublished":"2022-02-01T14:40:24+00:00","dateModified":"2022-02-01T14:40:55+00:00","mainEntityOfPage":{"@id":"http:\/\/www.santarosa.gob.ec\/web\/2022\/02\/01\/alcalde-larry-vite-firma-convenio-con-la-coordinacion-zonal-salud-7-para-los-estudios-de-construccion-del-nuevo-hospital-santa-teresita\/"},"wordCount":439,"image":{"@id":"http:\/\/www.santarosa.gob.ec\/web\/2022\/02\/01\/alcalde-larry-vite-firma-convenio-con-la-coordinacion-zonal-salud-7-para-los-estudios-de-construccion-del-nuevo-hospital-santa-teresita\/#primaryimage"},"thumbnailUrl":"https:\/\/www.santarosa.gob.ec\/web\/wp-content\/uploads\/2022\/02\/272535044_303009271872335_5937523102076752802_n.jpg","articleSection":["Noticias"],"inLanguage":"es"},{"@type":"WebPage","@id":"http:\/\/www.santarosa.gob.ec\/web\/2022\/02\/01\/alcalde-larry-vite-firma-convenio-con-la-coordinacion-zonal-salud-7-para-los-estudios-de-construccion-del-nuevo-hospital-santa-teresita\/","url":"http:\/\/www.santarosa.gob.ec\/web\/2022\/02\/01\/alcalde-larry-vite-firma-convenio-con-la-coordinacion-zonal-salud-7-para-los-estudios-de-construccion-del-nuevo-hospital-santa-teresita\/","name":"ALCALDE LARRY VITE FIRMA CONVENIO CON LA COORDINACI\u00d3N ZONAL SALUD 7 PARA LOS ESTUDIOS DE CONSTRUCCI\u00d3N DEL NUEVO HOSPITAL SANTA TERESITA - GAD Municipal del Cant\u00f3n Santa Rosa","isPartOf":{"@id":"https:\/\/www.santarosa.gob.ec\/web\/#website"},"primaryImageOfPage":{"@id":"http:\/\/www.santarosa.gob.ec\/web\/2022\/02\/01\/alcalde-larry-vite-firma-convenio-con-la-coordinacion-zonal-salud-7-para-los-estudios-de-construccion-del-nuevo-hospital-santa-teresita\/#primaryimage"},"image":{"@id":"http:\/\/www.santarosa.gob.ec\/web\/2022\/02\/01\/alcalde-larry-vite-firma-convenio-con-la-coordinacion-zonal-salud-7-para-los-estudios-de-construccion-del-nuevo-hospital-santa-teresita\/#primaryimage"},"thumbnailUrl":"https:\/\/www.santarosa.gob.ec\/web\/wp-content\/uploads\/2022\/02\/272535044_303009271872335_5937523102076752802_n.jpg","datePublished":"2022-02-01T14:40:24+00:00","dateModified":"2022-02-01T14:40:55+00:00","author":{"@id":"https:\/\/www.santarosa.gob.ec\/web\/#\/schema\/person\/54fea9dc046e5de331b8c1b967303085"},"breadcrumb":{"@id":"http:\/\/www.santarosa.gob.ec\/web\/2022\/02\/01\/alcalde-larry-vite-firma-convenio-con-la-coordinacion-zonal-salud-7-para-los-estudios-de-construccion-del-nuevo-hospital-santa-teresita\/#breadcrumb"},"inLanguage":"es","potentialAction":[{"@type":"ReadAction","target":["http:\/\/www.santarosa.gob.ec\/web\/2022\/02\/01\/alcalde-larry-vite-firma-convenio-con-la-coordinacion-zonal-salud-7-para-los-estudios-de-construccion-del-nuevo-hospital-santa-teresita\/"]}]},{"@type":"ImageObject","inLanguage":"es","@id":"http:\/\/www.santarosa.gob.ec\/web\/2022\/02\/01\/alcalde-larry-vite-firma-convenio-con-la-coordinacion-zonal-salud-7-para-los-estudios-de-construccion-del-nuevo-hospital-santa-teresita\/#primaryimage","url":"https:\/\/www.santarosa.gob.ec\/web\/wp-content\/uploads\/2022\/02\/272535044_303009271872335_5937523102076752802_n.jpg","contentUrl":"https:\/\/www.santarosa.gob.ec\/web\/wp-content\/uploads\/2022\/02\/272535044_303009271872335_5937523102076752802_n.jpg","width":960,"height":720},{"@type":"BreadcrumbList","@id":"http:\/\/www.santarosa.gob.ec\/web\/2022\/02\/01\/alcalde-larry-vite-firma-convenio-con-la-coordinacion-zonal-salud-7-para-los-estudios-de-construccion-del-nuevo-hospital-santa-teresita\/#breadcrumb","itemListElement":[{"@type":"ListItem","position":1,"name":"Portada","item":"https:\/\/www.santarosa.gob.ec\/web\/"},{"@type":"ListItem","position":2,"name":"ALCALDE LARRY VITE FIRMA CONVENIO CON LA COORDINACI\u00d3N ZONAL SALUD 7 PARA LOS ESTUDIOS DE CONSTRUCCI\u00d3N DEL NUEVO HOSPITAL SANTA TERESITA"}]},{"@type":"WebSite","@id":"https:\/\/www.santarosa.gob.ec\/web\/#website","url":"https:\/\/www.santarosa.gob.ec\/web\/","name":"GAD Municipal del Cant\u00f3n Santa Rosa","description":"","potentialAction":[{"@type":"SearchAction","target":{"@type":"EntryPoint","urlTemplate":"https:\/\/www.santarosa.gob.ec\/web\/?s={search_term_string}"},"query-input":{"@type":"PropertyValueSpecification","valueRequired":true,"valueName":"search_term_string"}}],"inLanguage":"es"},{"@type":"Person","@id":"https:\/\/www.santarosa.gob.ec\/web\/#\/schema\/person\/54fea9dc046e5de331b8c1b967303085","name":"Tefi","image":{"@type":"ImageObject","inLanguage":"es","@id":"https:\/\/www.santarosa.gob.ec\/web\/#\/schema\/person\/image\/","url":"https:\/\/secure.gravatar.com\/avatar\/bf8b22ea88e2f5bb54ee0fab29c1c9fe725323f01d47d3166909a28783019cfa?s=96&d=mm&r=g","contentUrl":"https:\/\/secure.gravatar.com\/avatar\/bf8b22ea88e2f5bb54ee0fab29c1c9fe725323f01d47d3166909a28783019cfa?s=96&d=mm&r=g","caption":"Tefi"},"url":"https:\/\/www.santarosa.gob.ec\/web\/author\/comunicacion\/"}]}},"_links":{"self":[{"href":"https:\/\/www.santarosa.gob.ec\/web\/wp-json\/wp\/v2\/posts\/4794","targetHints":{"allow":["GET"]}}],"collection":[{"href":"https:\/\/www.santarosa.gob.ec\/web\/wp-json\/wp\/v2\/posts"}],"about":[{"href":"https:\/\/www.santarosa.gob.ec\/web\/wp-json\/wp\/v2\/types\/post"}],"author":[{"embeddable":true,"href":"https:\/\/www.santarosa.gob.ec\/web\/wp-json\/wp\/v2\/users\/990002"}],"replies":[{"embeddable":true,"href":"https:\/\/www.santarosa.gob.ec\/web\/wp-json\/wp\/v2\/comments?post=4794"}],"version-history":[{"count":0,"href":"https:\/\/www.santarosa.gob.ec\/web\/wp-json\/wp\/v2\/posts\/4794\/revisions"}],"wp:featuredmedia":[{"embeddable":true,"href":"https:\/\/www.santarosa.gob.ec\/web\/wp-json\/wp\/v2\/media\/4787"}],"wp:attachment":[{"href":"https:\/\/www.santarosa.gob.ec\/web\/wp-json\/wp\/v2\/media?parent=4794"}],"wp:term":[{"taxonomy":"category","embeddable":true,"href":"https:\/\/www.santarosa.gob.ec\/web\/wp-json\/wp\/v2\/categories?post=4794"},{"taxonomy":"post_tag","embeddable":true,"href":"https:\/\/www.santarosa.gob.ec\/web\/wp-json\/wp\/v2\/tags?post=4794"}],"curies":[{"name":"wp","href":"https:\/\/api.w.org\/{rel}","templated":true}]}}