{"id":3410,"date":"2021-01-13T15:36:49","date_gmt":"2021-01-13T20:36:49","guid":{"rendered":"http:\/\/www.santarosa.gob.ec\/web\/?p=3410"},"modified":"2021-01-13T15:36:49","modified_gmt":"2021-01-13T20:36:49","slug":"suscriben-convenio-de-cooperacion-interinstitucional","status":"publish","type":"post","link":"https:\/\/www.santarosa.gob.ec\/web\/2021\/01\/13\/suscriben-convenio-de-cooperacion-interinstitucional\/","title":{"rendered":"Suscriben convenio de Cooperaci\u00f3n Interinstitucional."},"content":{"rendered":"<div class=\"o9v6fnle cxmmr5t8 oygrvhab hcukyx3x c1et5uql ii04i59q\">\n<div dir=\"auto\">[metaslider id=\u00bb3414&#8243;]<\/div>\n<div dir=\"auto\" style=\"text-align: justify;\">\ud835\uddd4\ud835\uddf9\ud835\uddf0\ud835\uddee\ud835\uddf9\ud835\uddf1\ud835\uddf2 \ud835\udddf\ud835\uddee\ud835\uddff\ud835\uddff\ud835\ude06 \ud835\udde9\ud835\uddf6\ud835\ude01\ud835\uddf2 \ud835\uddf2\ud835\uddfb\ud835\ude01\ud835\uddff\ud835\uddf2\ud835\uddf4\ud835\uddee \ud835\uddf2\ud835\ude00\ud835\uddfd\ud835\uddee\ud835\uddf0\ud835\uddf6\ud835\uddfc \ud835\uddf3\u00ed\ud835\ude00\ud835\uddf6\ud835\uddf0\ud835\uddfc \ud835\uddfd\ud835\uddee\ud835\uddff\ud835\uddee \ud835\uddef\ud835\uddee\ud835\ude00\ud835\uddf2 \ud835\uddf1\ud835\uddf2 \ud835\udde9\ud835\uddfc\ud835\uddf9\ud835\ude02\ud835\uddfb\ud835\ude01\ud835\uddee\ud835\uddff\ud835\uddf6\ud835\uddee\ud835\uddf1\ud835\uddfc \ud835\uddf1\ud835\uddf2 \ud835\udde3\ud835\uddff\ud835\uddfc\ud835\ude01\ud835\uddf2\ud835\uddf0\ud835\uddf0\ud835\uddf6\u00f3\ud835\uddfb \ud835\uddd6\ud835\uddf6\ud835\ude03\ud835\uddf6\ud835\uddf9 \ud835\uddd8\ud835\uddf9 \ud835\udde2\ud835\uddff\ud835\uddfc \ud835\uddf2\ud835\uddfb \ud835\udde6\ud835\uddee\ud835\uddfb\ud835\ude01\ud835\uddee \ud835\udde5\ud835\uddfc\ud835\ude00\ud835\uddee<\/div>\n<div dir=\"auto\" style=\"text-align: justify;\"><\/div>\n<\/div>\n<div class=\"o9v6fnle cxmmr5t8 oygrvhab hcukyx3x c1et5uql ii04i59q\" style=\"text-align: justify;\">\n<div dir=\"auto\">El alcalde LArry Vite suscribi\u00f3 un convenio de Cooperaci\u00f3n Interinstitucional con el Voluntariado de Protecci\u00f3n Civil El Oro<\/div>\n<div dir=\"auto\">(PCivil El Oro SGR), dirigido por el coordinador general Hugo Vivanco y la gerente de la Empresa Municipal de Mercado y Feria Libre, Carolina A\u00f1azco, para la dotaci\u00f3n de un espacio f\u00edsico en el Mercado Central, donde funcionar\u00e1 su base operativa y log\u00edstica en el cant\u00f3n, adem\u00e1s ofrecer\u00e1 apoyo directo a los funcionarios de EMCASR-EP en temas relacionados a la gesti\u00f3n de riesgos.<\/div>\n<div dir=\"auto\"><\/div>\n<\/div>\n<div class=\"o9v6fnle cxmmr5t8 oygrvhab hcukyx3x c1et5uql ii04i59q\" style=\"text-align: justify;\">\n<div dir=\"auto\">El acalde Larry Vite Cevallos indic\u00f3 que este tipo de convenios permiten fortalecer lazos de cooperaci\u00f3n. \u201cEsta suscripci\u00f3n de convenio permitir\u00e1 que el Voluntariado cuente con su propia base para coordinar acciones que nos permitan, como Municipalidad actuar en beneficio de nuestros ciudadanos. La base estar\u00e1 ubicada en la terraza del Mercado Tipo Centro Comercial\u201d, se\u00f1al\u00f3 el burgomaestre.<\/div>\n<div dir=\"auto\"><\/div>\n<\/div>\n<div class=\"o9v6fnle cxmmr5t8 oygrvhab hcukyx3x c1et5uql ii04i59q\" style=\"text-align: justify;\">\n<div dir=\"auto\">El coordinador general de Protecci\u00f3n Civil El Oro, Hugo Vivanco, agradeci\u00f3 la predisposici\u00f3n del alcalde en atender la suscripci\u00f3n de este convenio. \u201cCon nuestro contingente de Protecci\u00f3n Civil, conformado por 43 voluntarios, realizaremos capacitaciones en temas de primeros auxilios, prevenci\u00f3n y control de incendios, rescate y evacuaci\u00f3n a los comerciantes y funcionarios de EMCAESR-EP con el fin de que ellos sean los primeros respondientes\u201d, indic\u00f3.<\/div>\n<div dir=\"auto\"><\/div>\n<\/div>\n<div class=\"o9v6fnle cxmmr5t8 oygrvhab hcukyx3x c1et5uql ii04i59q\">\n<div dir=\"auto\" style=\"text-align: justify;\">La firma del convenio se realiz\u00f3 en la Alcald\u00eda de la Municipalidad con la presencia del primero personero de la ciudad, Larry Vite; coordinador general de Voluntariado de Protecci\u00f3n Civil El Oro, Hugo Vivanco; gerente de Emcasr EP, Carolina A\u00f1azco, y adem\u00e1s se cont\u00f3 con la presencia del personal jur\u00eddico de la Municipalidad y de Protecci\u00f3n Civil de El Oro.<\/div>\n<\/div>\n","protected":false},"excerpt":{"rendered":"<p>[metaslider id=\u00bb3414&#8243;] \ud835\uddd4\ud835\uddf9\ud835\uddf0\ud835\uddee\ud835\uddf9\ud835\uddf1\ud835\uddf2 \ud835\udddf\ud835\uddee\ud835\uddff\ud835\uddff\ud835\ude06 \ud835\udde9\ud835\uddf6\ud835\ude01\ud835\uddf2 \ud835\uddf2\ud835\uddfb\ud835\ude01\ud835\uddff\ud835\uddf2\ud835\uddf4\ud835\uddee \ud835\uddf2\ud835\ude00\ud835\uddfd\ud835\uddee\ud835\uddf0\ud835\uddf6\ud835\uddfc \ud835\uddf3\u00ed\ud835\ude00\ud835\uddf6\ud835\uddf0\ud835\uddfc \ud835\uddfd\ud835\uddee\ud835\uddff\ud835\uddee \ud835\uddef\ud835\uddee\ud835\ude00\ud835\uddf2 \ud835\uddf1\ud835\uddf2 \ud835\udde9\ud835\uddfc\ud835\uddf9\ud835\ude02\ud835\uddfb\ud835\ude01\ud835\uddee\ud835\uddff\ud835\uddf6\ud835\uddee\ud835\uddf1\ud835\uddfc \ud835\uddf1\ud835\uddf2 \ud835\udde3\ud835\uddff\ud835\uddfc\ud835\ude01\ud835\uddf2\ud835\uddf0\ud835\uddf0\ud835\uddf6\u00f3\ud835\uddfb \ud835\uddd6\ud835\uddf6\ud835\ude03\ud835\uddf6\ud835\uddf9 \ud835\uddd8\ud835\uddf9 \ud835\udde2\ud835\uddff\ud835\uddfc \ud835\uddf2\ud835\uddfb \ud835\udde6\ud835\uddee\ud835\uddfb\ud835\ude01\ud835\uddee \ud835\udde5\ud835\uddfc\ud835\ude00\ud835\uddee El alcalde LArry Vite suscribi\u00f3 un convenio de Cooperaci\u00f3n Interinstitucional con el Voluntariado de Protecci\u00f3n Civil El Oro (PCivil El&hellip;<\/p>\n","protected":false},"author":990002,"featured_media":3412,"comment_status":"closed","ping_status":"open","sticky":false,"template":"","format":"standard","meta":{"footnotes":""},"categories":[35],"tags":[],"class_list":["post-3410","post","type-post","status-publish","format-standard","has-post-thumbnail","hentry","category-noticias"],"yoast_head":"<!-- This site is optimized with the Yoast SEO plugin v26.8 - https:\/\/yoast.com\/product\/yoast-seo-wordpress\/ -->\n<title>Suscriben convenio de Cooperaci\u00f3n Interinstitucional. - GAD Municipal del Cant\u00f3n Santa Rosa<\/title>\n<meta name=\"robots\" content=\"index, follow, max-snippet:-1, max-image-preview:large, max-video-preview:-1\" \/>\n<link rel=\"canonical\" href=\"https:\/\/www.santarosa.gob.ec\/web\/2021\/01\/13\/suscriben-convenio-de-cooperacion-interinstitucional\/\" \/>\n<meta property=\"og:locale\" content=\"es_ES\" \/>\n<meta property=\"og:type\" content=\"article\" \/>\n<meta property=\"og:title\" content=\"Suscriben convenio de Cooperaci\u00f3n Interinstitucional. - GAD Municipal del Cant\u00f3n Santa Rosa\" \/>\n<meta property=\"og:description\" content=\"[metaslider id=\u00bb3414&#8243;] \ud835\uddd4\ud835\uddf9\ud835\uddf0\ud835\uddee\ud835\uddf9\ud835\uddf1\ud835\uddf2 \ud835\udddf\ud835\uddee\ud835\uddff\ud835\uddff\ud835\ude06 \ud835\udde9\ud835\uddf6\ud835\ude01\ud835\uddf2 \ud835\uddf2\ud835\uddfb\ud835\ude01\ud835\uddff\ud835\uddf2\ud835\uddf4\ud835\uddee \ud835\uddf2\ud835\ude00\ud835\uddfd\ud835\uddee\ud835\uddf0\ud835\uddf6\ud835\uddfc \ud835\uddf3\u00ed\ud835\ude00\ud835\uddf6\ud835\uddf0\ud835\uddfc \ud835\uddfd\ud835\uddee\ud835\uddff\ud835\uddee \ud835\uddef\ud835\uddee\ud835\ude00\ud835\uddf2 \ud835\uddf1\ud835\uddf2 \ud835\udde9\ud835\uddfc\ud835\uddf9\ud835\ude02\ud835\uddfb\ud835\ude01\ud835\uddee\ud835\uddff\ud835\uddf6\ud835\uddee\ud835\uddf1\ud835\uddfc \ud835\uddf1\ud835\uddf2 \ud835\udde3\ud835\uddff\ud835\uddfc\ud835\ude01\ud835\uddf2\ud835\uddf0\ud835\uddf0\ud835\uddf6\u00f3\ud835\uddfb \ud835\uddd6\ud835\uddf6\ud835\ude03\ud835\uddf6\ud835\uddf9 \ud835\uddd8\ud835\uddf9 \ud835\udde2\ud835\uddff\ud835\uddfc \ud835\uddf2\ud835\uddfb \ud835\udde6\ud835\uddee\ud835\uddfb\ud835\ude01\ud835\uddee \ud835\udde5\ud835\uddfc\ud835\ude00\ud835\uddee El alcalde LArry Vite suscribi\u00f3 un convenio de Cooperaci\u00f3n Interinstitucional con el Voluntariado de Protecci\u00f3n Civil El Oro (PCivil El&hellip;\" \/>\n<meta property=\"og:url\" content=\"https:\/\/www.santarosa.gob.ec\/web\/2021\/01\/13\/suscriben-convenio-de-cooperacion-interinstitucional\/\" \/>\n<meta property=\"og:site_name\" content=\"GAD Municipal del Cant\u00f3n Santa Rosa\" \/>\n<meta property=\"article:published_time\" content=\"2021-01-13T20:36:49+00:00\" \/>\n<meta property=\"og:image\" content=\"https:\/\/www.santarosa.gob.ec\/web\/wp-content\/uploads\/2021\/01\/137043336_2934636060151020_3635350572319503539_o.jpg\" \/>\n\t<meta property=\"og:image:width\" content=\"1280\" \/>\n\t<meta property=\"og:image:height\" content=\"960\" \/>\n\t<meta property=\"og:image:type\" content=\"image\/jpeg\" \/>\n<meta name=\"author\" content=\"Tefi\" \/>\n<meta name=\"twitter:card\" content=\"summary_large_image\" \/>\n<meta name=\"twitter:label1\" content=\"Escrito por\" \/>\n\t<meta name=\"twitter:data1\" content=\"Tefi\" \/>\n\t<meta name=\"twitter:label2\" content=\"Tiempo de lectura\" \/>\n\t<meta name=\"twitter:data2\" content=\"1 minuto\" \/>\n<script type=\"application\/ld+json\" class=\"yoast-schema-graph\">{\"@context\":\"https:\/\/schema.org\",\"@graph\":[{\"@type\":\"Article\",\"@id\":\"https:\/\/www.santarosa.gob.ec\/web\/2021\/01\/13\/suscriben-convenio-de-cooperacion-interinstitucional\/#article\",\"isPartOf\":{\"@id\":\"https:\/\/www.santarosa.gob.ec\/web\/2021\/01\/13\/suscriben-convenio-de-cooperacion-interinstitucional\/\"},\"author\":{\"name\":\"Tefi\",\"@id\":\"https:\/\/www.santarosa.gob.ec\/web\/#\/schema\/person\/54fea9dc046e5de331b8c1b967303085\"},\"headline\":\"Suscriben convenio de Cooperaci\u00f3n Interinstitucional.\",\"datePublished\":\"2021-01-13T20:36:49+00:00\",\"mainEntityOfPage\":{\"@id\":\"https:\/\/www.santarosa.gob.ec\/web\/2021\/01\/13\/suscriben-convenio-de-cooperacion-interinstitucional\/\"},\"wordCount\":295,\"image\":{\"@id\":\"https:\/\/www.santarosa.gob.ec\/web\/2021\/01\/13\/suscriben-convenio-de-cooperacion-interinstitucional\/#primaryimage\"},\"thumbnailUrl\":\"https:\/\/www.santarosa.gob.ec\/web\/wp-content\/uploads\/2021\/01\/137043336_2934636060151020_3635350572319503539_o.jpg\",\"articleSection\":[\"Noticias\"],\"inLanguage\":\"es\"},{\"@type\":\"WebPage\",\"@id\":\"https:\/\/www.santarosa.gob.ec\/web\/2021\/01\/13\/suscriben-convenio-de-cooperacion-interinstitucional\/\",\"url\":\"https:\/\/www.santarosa.gob.ec\/web\/2021\/01\/13\/suscriben-convenio-de-cooperacion-interinstitucional\/\",\"name\":\"Suscriben convenio de Cooperaci\u00f3n Interinstitucional. - GAD Municipal del Cant\u00f3n Santa Rosa\",\"isPartOf\":{\"@id\":\"https:\/\/www.santarosa.gob.ec\/web\/#website\"},\"primaryImageOfPage\":{\"@id\":\"https:\/\/www.santarosa.gob.ec\/web\/2021\/01\/13\/suscriben-convenio-de-cooperacion-interinstitucional\/#primaryimage\"},\"image\":{\"@id\":\"https:\/\/www.santarosa.gob.ec\/web\/2021\/01\/13\/suscriben-convenio-de-cooperacion-interinstitucional\/#primaryimage\"},\"thumbnailUrl\":\"https:\/\/www.santarosa.gob.ec\/web\/wp-content\/uploads\/2021\/01\/137043336_2934636060151020_3635350572319503539_o.jpg\",\"datePublished\":\"2021-01-13T20:36:49+00:00\",\"author\":{\"@id\":\"https:\/\/www.santarosa.gob.ec\/web\/#\/schema\/person\/54fea9dc046e5de331b8c1b967303085\"},\"breadcrumb\":{\"@id\":\"https:\/\/www.santarosa.gob.ec\/web\/2021\/01\/13\/suscriben-convenio-de-cooperacion-interinstitucional\/#breadcrumb\"},\"inLanguage\":\"es\",\"potentialAction\":[{\"@type\":\"ReadAction\",\"target\":[\"https:\/\/www.santarosa.gob.ec\/web\/2021\/01\/13\/suscriben-convenio-de-cooperacion-interinstitucional\/\"]}]},{\"@type\":\"ImageObject\",\"inLanguage\":\"es\",\"@id\":\"https:\/\/www.santarosa.gob.ec\/web\/2021\/01\/13\/suscriben-convenio-de-cooperacion-interinstitucional\/#primaryimage\",\"url\":\"https:\/\/www.santarosa.gob.ec\/web\/wp-content\/uploads\/2021\/01\/137043336_2934636060151020_3635350572319503539_o.jpg\",\"contentUrl\":\"https:\/\/www.santarosa.gob.ec\/web\/wp-content\/uploads\/2021\/01\/137043336_2934636060151020_3635350572319503539_o.jpg\",\"width\":1280,\"height\":960},{\"@type\":\"BreadcrumbList\",\"@id\":\"https:\/\/www.santarosa.gob.ec\/web\/2021\/01\/13\/suscriben-convenio-de-cooperacion-interinstitucional\/#breadcrumb\",\"itemListElement\":[{\"@type\":\"ListItem\",\"position\":1,\"name\":\"Portada\",\"item\":\"https:\/\/www.santarosa.gob.ec\/web\/\"},{\"@type\":\"ListItem\",\"position\":2,\"name\":\"Suscriben convenio de Cooperaci\u00f3n Interinstitucional.\"}]},{\"@type\":\"WebSite\",\"@id\":\"https:\/\/www.santarosa.gob.ec\/web\/#website\",\"url\":\"https:\/\/www.santarosa.gob.ec\/web\/\",\"name\":\"GAD Municipal del Cant\u00f3n Santa Rosa\",\"description\":\"\",\"potentialAction\":[{\"@type\":\"SearchAction\",\"target\":{\"@type\":\"EntryPoint\",\"urlTemplate\":\"https:\/\/www.santarosa.gob.ec\/web\/?s={search_term_string}\"},\"query-input\":{\"@type\":\"PropertyValueSpecification\",\"valueRequired\":true,\"valueName\":\"search_term_string\"}}],\"inLanguage\":\"es\"},{\"@type\":\"Person\",\"@id\":\"https:\/\/www.santarosa.gob.ec\/web\/#\/schema\/person\/54fea9dc046e5de331b8c1b967303085\",\"name\":\"Tefi\",\"image\":{\"@type\":\"ImageObject\",\"inLanguage\":\"es\",\"@id\":\"https:\/\/www.santarosa.gob.ec\/web\/#\/schema\/person\/image\/\",\"url\":\"https:\/\/secure.gravatar.com\/avatar\/bf8b22ea88e2f5bb54ee0fab29c1c9fe725323f01d47d3166909a28783019cfa?s=96&d=mm&r=g\",\"contentUrl\":\"https:\/\/secure.gravatar.com\/avatar\/bf8b22ea88e2f5bb54ee0fab29c1c9fe725323f01d47d3166909a28783019cfa?s=96&d=mm&r=g\",\"caption\":\"Tefi\"},\"url\":\"https:\/\/www.santarosa.gob.ec\/web\/author\/comunicacion\/\"}]}<\/script>\n<!-- \/ Yoast SEO plugin. -->","yoast_head_json":{"title":"Suscriben convenio de Cooperaci\u00f3n Interinstitucional. - GAD Municipal del Cant\u00f3n Santa Rosa","robots":{"index":"index","follow":"follow","max-snippet":"max-snippet:-1","max-image-preview":"max-image-preview:large","max-video-preview":"max-video-preview:-1"},"canonical":"https:\/\/www.santarosa.gob.ec\/web\/2021\/01\/13\/suscriben-convenio-de-cooperacion-interinstitucional\/","og_locale":"es_ES","og_type":"article","og_title":"Suscriben convenio de Cooperaci\u00f3n Interinstitucional. - GAD Municipal del Cant\u00f3n Santa Rosa","og_description":"[metaslider id=\u00bb3414&#8243;] \ud835\uddd4\ud835\uddf9\ud835\uddf0\ud835\uddee\ud835\uddf9\ud835\uddf1\ud835\uddf2 \ud835\udddf\ud835\uddee\ud835\uddff\ud835\uddff\ud835\ude06 \ud835\udde9\ud835\uddf6\ud835\ude01\ud835\uddf2 \ud835\uddf2\ud835\uddfb\ud835\ude01\ud835\uddff\ud835\uddf2\ud835\uddf4\ud835\uddee \ud835\uddf2\ud835\ude00\ud835\uddfd\ud835\uddee\ud835\uddf0\ud835\uddf6\ud835\uddfc \ud835\uddf3\u00ed\ud835\ude00\ud835\uddf6\ud835\uddf0\ud835\uddfc \ud835\uddfd\ud835\uddee\ud835\uddff\ud835\uddee \ud835\uddef\ud835\uddee\ud835\ude00\ud835\uddf2 \ud835\uddf1\ud835\uddf2 \ud835\udde9\ud835\uddfc\ud835\uddf9\ud835\ude02\ud835\uddfb\ud835\ude01\ud835\uddee\ud835\uddff\ud835\uddf6\ud835\uddee\ud835\uddf1\ud835\uddfc \ud835\uddf1\ud835\uddf2 \ud835\udde3\ud835\uddff\ud835\uddfc\ud835\ude01\ud835\uddf2\ud835\uddf0\ud835\uddf0\ud835\uddf6\u00f3\ud835\uddfb \ud835\uddd6\ud835\uddf6\ud835\ude03\ud835\uddf6\ud835\uddf9 \ud835\uddd8\ud835\uddf9 \ud835\udde2\ud835\uddff\ud835\uddfc \ud835\uddf2\ud835\uddfb \ud835\udde6\ud835\uddee\ud835\uddfb\ud835\ude01\ud835\uddee \ud835\udde5\ud835\uddfc\ud835\ude00\ud835\uddee El alcalde LArry Vite suscribi\u00f3 un convenio de Cooperaci\u00f3n Interinstitucional con el Voluntariado de Protecci\u00f3n Civil El Oro (PCivil El&hellip;","og_url":"https:\/\/www.santarosa.gob.ec\/web\/2021\/01\/13\/suscriben-convenio-de-cooperacion-interinstitucional\/","og_site_name":"GAD Municipal del Cant\u00f3n Santa Rosa","article_published_time":"2021-01-13T20:36:49+00:00","og_image":[{"width":1280,"height":960,"url":"https:\/\/www.santarosa.gob.ec\/web\/wp-content\/uploads\/2021\/01\/137043336_2934636060151020_3635350572319503539_o.jpg","type":"image\/jpeg"}],"author":"Tefi","twitter_card":"summary_large_image","twitter_misc":{"Escrito por":"Tefi","Tiempo de lectura":"1 minuto"},"schema":{"@context":"https:\/\/schema.org","@graph":[{"@type":"Article","@id":"https:\/\/www.santarosa.gob.ec\/web\/2021\/01\/13\/suscriben-convenio-de-cooperacion-interinstitucional\/#article","isPartOf":{"@id":"https:\/\/www.santarosa.gob.ec\/web\/2021\/01\/13\/suscriben-convenio-de-cooperacion-interinstitucional\/"},"author":{"name":"Tefi","@id":"https:\/\/www.santarosa.gob.ec\/web\/#\/schema\/person\/54fea9dc046e5de331b8c1b967303085"},"headline":"Suscriben convenio de Cooperaci\u00f3n Interinstitucional.","datePublished":"2021-01-13T20:36:49+00:00","mainEntityOfPage":{"@id":"https:\/\/www.santarosa.gob.ec\/web\/2021\/01\/13\/suscriben-convenio-de-cooperacion-interinstitucional\/"},"wordCount":295,"image":{"@id":"https:\/\/www.santarosa.gob.ec\/web\/2021\/01\/13\/suscriben-convenio-de-cooperacion-interinstitucional\/#primaryimage"},"thumbnailUrl":"https:\/\/www.santarosa.gob.ec\/web\/wp-content\/uploads\/2021\/01\/137043336_2934636060151020_3635350572319503539_o.jpg","articleSection":["Noticias"],"inLanguage":"es"},{"@type":"WebPage","@id":"https:\/\/www.santarosa.gob.ec\/web\/2021\/01\/13\/suscriben-convenio-de-cooperacion-interinstitucional\/","url":"https:\/\/www.santarosa.gob.ec\/web\/2021\/01\/13\/suscriben-convenio-de-cooperacion-interinstitucional\/","name":"Suscriben convenio de Cooperaci\u00f3n Interinstitucional. - GAD Municipal del Cant\u00f3n Santa Rosa","isPartOf":{"@id":"https:\/\/www.santarosa.gob.ec\/web\/#website"},"primaryImageOfPage":{"@id":"https:\/\/www.santarosa.gob.ec\/web\/2021\/01\/13\/suscriben-convenio-de-cooperacion-interinstitucional\/#primaryimage"},"image":{"@id":"https:\/\/www.santarosa.gob.ec\/web\/2021\/01\/13\/suscriben-convenio-de-cooperacion-interinstitucional\/#primaryimage"},"thumbnailUrl":"https:\/\/www.santarosa.gob.ec\/web\/wp-content\/uploads\/2021\/01\/137043336_2934636060151020_3635350572319503539_o.jpg","datePublished":"2021-01-13T20:36:49+00:00","author":{"@id":"https:\/\/www.santarosa.gob.ec\/web\/#\/schema\/person\/54fea9dc046e5de331b8c1b967303085"},"breadcrumb":{"@id":"https:\/\/www.santarosa.gob.ec\/web\/2021\/01\/13\/suscriben-convenio-de-cooperacion-interinstitucional\/#breadcrumb"},"inLanguage":"es","potentialAction":[{"@type":"ReadAction","target":["https:\/\/www.santarosa.gob.ec\/web\/2021\/01\/13\/suscriben-convenio-de-cooperacion-interinstitucional\/"]}]},{"@type":"ImageObject","inLanguage":"es","@id":"https:\/\/www.santarosa.gob.ec\/web\/2021\/01\/13\/suscriben-convenio-de-cooperacion-interinstitucional\/#primaryimage","url":"https:\/\/www.santarosa.gob.ec\/web\/wp-content\/uploads\/2021\/01\/137043336_2934636060151020_3635350572319503539_o.jpg","contentUrl":"https:\/\/www.santarosa.gob.ec\/web\/wp-content\/uploads\/2021\/01\/137043336_2934636060151020_3635350572319503539_o.jpg","width":1280,"height":960},{"@type":"BreadcrumbList","@id":"https:\/\/www.santarosa.gob.ec\/web\/2021\/01\/13\/suscriben-convenio-de-cooperacion-interinstitucional\/#breadcrumb","itemListElement":[{"@type":"ListItem","position":1,"name":"Portada","item":"https:\/\/www.santarosa.gob.ec\/web\/"},{"@type":"ListItem","position":2,"name":"Suscriben convenio de Cooperaci\u00f3n Interinstitucional."}]},{"@type":"WebSite","@id":"https:\/\/www.santarosa.gob.ec\/web\/#website","url":"https:\/\/www.santarosa.gob.ec\/web\/","name":"GAD Municipal del Cant\u00f3n Santa Rosa","description":"","potentialAction":[{"@type":"SearchAction","target":{"@type":"EntryPoint","urlTemplate":"https:\/\/www.santarosa.gob.ec\/web\/?s={search_term_string}"},"query-input":{"@type":"PropertyValueSpecification","valueRequired":true,"valueName":"search_term_string"}}],"inLanguage":"es"},{"@type":"Person","@id":"https:\/\/www.santarosa.gob.ec\/web\/#\/schema\/person\/54fea9dc046e5de331b8c1b967303085","name":"Tefi","image":{"@type":"ImageObject","inLanguage":"es","@id":"https:\/\/www.santarosa.gob.ec\/web\/#\/schema\/person\/image\/","url":"https:\/\/secure.gravatar.com\/avatar\/bf8b22ea88e2f5bb54ee0fab29c1c9fe725323f01d47d3166909a28783019cfa?s=96&d=mm&r=g","contentUrl":"https:\/\/secure.gravatar.com\/avatar\/bf8b22ea88e2f5bb54ee0fab29c1c9fe725323f01d47d3166909a28783019cfa?s=96&d=mm&r=g","caption":"Tefi"},"url":"https:\/\/www.santarosa.gob.ec\/web\/author\/comunicacion\/"}]}},"_links":{"self":[{"href":"https:\/\/www.santarosa.gob.ec\/web\/wp-json\/wp\/v2\/posts\/3410","targetHints":{"allow":["GET"]}}],"collection":[{"href":"https:\/\/www.santarosa.gob.ec\/web\/wp-json\/wp\/v2\/posts"}],"about":[{"href":"https:\/\/www.santarosa.gob.ec\/web\/wp-json\/wp\/v2\/types\/post"}],"author":[{"embeddable":true,"href":"https:\/\/www.santarosa.gob.ec\/web\/wp-json\/wp\/v2\/users\/990002"}],"replies":[{"embeddable":true,"href":"https:\/\/www.santarosa.gob.ec\/web\/wp-json\/wp\/v2\/comments?post=3410"}],"version-history":[{"count":0,"href":"https:\/\/www.santarosa.gob.ec\/web\/wp-json\/wp\/v2\/posts\/3410\/revisions"}],"wp:featuredmedia":[{"embeddable":true,"href":"https:\/\/www.santarosa.gob.ec\/web\/wp-json\/wp\/v2\/media\/3412"}],"wp:attachment":[{"href":"https:\/\/www.santarosa.gob.ec\/web\/wp-json\/wp\/v2\/media?parent=3410"}],"wp:term":[{"taxonomy":"category","embeddable":true,"href":"https:\/\/www.santarosa.gob.ec\/web\/wp-json\/wp\/v2\/categories?post=3410"},{"taxonomy":"post_tag","embeddable":true,"href":"https:\/\/www.santarosa.gob.ec\/web\/wp-json\/wp\/v2\/tags?post=3410"}],"curies":[{"name":"wp","href":"https:\/\/api.w.org\/{rel}","templated":true}]}}