{"id":3050,"date":"2020-11-17T22:19:49","date_gmt":"2020-11-18T03:19:49","guid":{"rendered":"http:\/\/www.santarosa.gob.ec\/web\/?p=3050"},"modified":"2020-11-17T22:19:49","modified_gmt":"2020-11-18T03:19:49","slug":"alcalde-larry-vite-entrega-tablets-a-35-ninos-del-proyecto-la-conexion","status":"publish","type":"post","link":"https:\/\/www.santarosa.gob.ec\/web\/2020\/11\/17\/alcalde-larry-vite-entrega-tablets-a-35-ninos-del-proyecto-la-conexion\/","title":{"rendered":"Alcalde Larry Vite entrega tablets a 35 ni\u00f1os del proyecto \u00abLa Conexi\u00f3n\u00bb"},"content":{"rendered":"<p>[metaslider id=\u00bb3051&#8243;]<\/p>\n<p style=\"text-align: justify;\">En el Terminal Terrestre de Santa Rosa, el alcalde Larry Vite presidi\u00f3 la octava entrega de tablets a 35 ni\u00f1os y ni\u00f1as beneficiarios del proyecto La Conexi\u00f3n; de los cuales, 12 pertenecen a la parroquia rural Torata. El evento cont\u00f3 con la presencia de autoridades, estudiantes y padres de familia.<\/p>\n<p style=\"text-align: justify;\">En su intervenci\u00f3n el primer personero de la ciudad indic\u00f3 que son alrededor de 240 ni\u00f1os que han accedido a estos equipos tecnol\u00f3gicos. \u00abEsto es una autogesti\u00f3n entre la empresa privada y autoridades que nos permite llegar a m\u00e1s sectores. Por ejemplo, la parroquia rural Torata, los cuales fueron seleccionados a trav\u00e9s de un proceso realizado con las instituciones educativas de los Sitios El Guayabo, Play\u00f3n y cabecera parroquial\u00bb, se\u00f1al\u00f3.<\/p>\n<p style=\"text-align: justify;\">En representaci\u00f3n de los beneficiarios, el ni\u00f1o Jerry M\u00e1rquez extendi\u00f3 su gratitud por hacer posible que m\u00e1s ni\u00f1os contin\u00faen con la sus estudios online. A este agradecimiento se sum\u00f3 Juan Guti\u00e9rrez, en representaci\u00f3n de los padres de familia, quien destac\u00f3 la labor realizada por la primera autoridad en apoyo a la educaci\u00f3n del cant\u00f3n Santa Rosa.<\/p>\n","protected":false},"excerpt":{"rendered":"<p>[metaslider id=\u00bb3051&#8243;] En el Terminal Terrestre de Santa Rosa, el alcalde Larry Vite presidi\u00f3 la octava entrega de tablets a 35 ni\u00f1os y ni\u00f1as beneficiarios del proyecto La Conexi\u00f3n; de los cuales, 12 pertenecen a la parroquia rural Torata. El&hellip;<\/p>\n","protected":false},"author":990002,"featured_media":3041,"comment_status":"closed","ping_status":"open","sticky":false,"template":"","format":"standard","meta":{"footnotes":""},"categories":[35],"tags":[],"class_list":["post-3050","post","type-post","status-publish","format-standard","has-post-thumbnail","hentry","category-noticias"],"yoast_head":"<!-- This site is optimized with the Yoast SEO plugin v26.8 - https:\/\/yoast.com\/product\/yoast-seo-wordpress\/ -->\n<title>Alcalde Larry Vite entrega tablets a 35 ni\u00f1os del proyecto &quot;La Conexi\u00f3n&quot; - GAD Municipal del Cant\u00f3n Santa Rosa<\/title>\n<meta name=\"robots\" content=\"index, follow, max-snippet:-1, max-image-preview:large, max-video-preview:-1\" \/>\n<link rel=\"canonical\" href=\"https:\/\/www.santarosa.gob.ec\/web\/2020\/11\/17\/alcalde-larry-vite-entrega-tablets-a-35-ninos-del-proyecto-la-conexion\/\" \/>\n<meta property=\"og:locale\" content=\"es_ES\" \/>\n<meta property=\"og:type\" content=\"article\" \/>\n<meta property=\"og:title\" content=\"Alcalde Larry Vite entrega tablets a 35 ni\u00f1os del proyecto &quot;La Conexi\u00f3n&quot; - GAD Municipal del Cant\u00f3n Santa Rosa\" \/>\n<meta property=\"og:description\" content=\"[metaslider id=\u00bb3051&#8243;] En el Terminal Terrestre de Santa Rosa, el alcalde Larry Vite presidi\u00f3 la octava entrega de tablets a 35 ni\u00f1os y ni\u00f1as beneficiarios del proyecto La Conexi\u00f3n; de los cuales, 12 pertenecen a la parroquia rural Torata. El&hellip;\" \/>\n<meta property=\"og:url\" content=\"https:\/\/www.santarosa.gob.ec\/web\/2020\/11\/17\/alcalde-larry-vite-entrega-tablets-a-35-ninos-del-proyecto-la-conexion\/\" \/>\n<meta property=\"og:site_name\" content=\"GAD Municipal del Cant\u00f3n Santa Rosa\" \/>\n<meta property=\"article:published_time\" content=\"2020-11-18T03:19:49+00:00\" \/>\n<meta property=\"og:image\" content=\"https:\/\/www.santarosa.gob.ec\/web\/wp-content\/uploads\/2020\/11\/WhatsApp-Image-2020-11-17-at-21.51.14.jpeg\" \/>\n\t<meta property=\"og:image:width\" content=\"1080\" \/>\n\t<meta property=\"og:image:height\" content=\"810\" \/>\n\t<meta property=\"og:image:type\" content=\"image\/jpeg\" \/>\n<meta name=\"author\" content=\"Tefi\" \/>\n<meta name=\"twitter:card\" content=\"summary_large_image\" \/>\n<meta name=\"twitter:label1\" content=\"Escrito por\" \/>\n\t<meta name=\"twitter:data1\" content=\"Tefi\" \/>\n\t<meta name=\"twitter:label2\" content=\"Tiempo de lectura\" \/>\n\t<meta name=\"twitter:data2\" content=\"1 minuto\" \/>\n<script type=\"application\/ld+json\" class=\"yoast-schema-graph\">{\"@context\":\"https:\/\/schema.org\",\"@graph\":[{\"@type\":\"Article\",\"@id\":\"https:\/\/www.santarosa.gob.ec\/web\/2020\/11\/17\/alcalde-larry-vite-entrega-tablets-a-35-ninos-del-proyecto-la-conexion\/#article\",\"isPartOf\":{\"@id\":\"https:\/\/www.santarosa.gob.ec\/web\/2020\/11\/17\/alcalde-larry-vite-entrega-tablets-a-35-ninos-del-proyecto-la-conexion\/\"},\"author\":{\"name\":\"Tefi\",\"@id\":\"https:\/\/www.santarosa.gob.ec\/web\/#\/schema\/person\/54fea9dc046e5de331b8c1b967303085\"},\"headline\":\"Alcalde Larry Vite entrega tablets a 35 ni\u00f1os del proyecto \u00abLa Conexi\u00f3n\u00bb\",\"datePublished\":\"2020-11-18T03:19:49+00:00\",\"mainEntityOfPage\":{\"@id\":\"https:\/\/www.santarosa.gob.ec\/web\/2020\/11\/17\/alcalde-larry-vite-entrega-tablets-a-35-ninos-del-proyecto-la-conexion\/\"},\"wordCount\":209,\"image\":{\"@id\":\"https:\/\/www.santarosa.gob.ec\/web\/2020\/11\/17\/alcalde-larry-vite-entrega-tablets-a-35-ninos-del-proyecto-la-conexion\/#primaryimage\"},\"thumbnailUrl\":\"https:\/\/www.santarosa.gob.ec\/web\/wp-content\/uploads\/2020\/11\/WhatsApp-Image-2020-11-17-at-21.51.14.jpeg\",\"articleSection\":[\"Noticias\"],\"inLanguage\":\"es\"},{\"@type\":\"WebPage\",\"@id\":\"https:\/\/www.santarosa.gob.ec\/web\/2020\/11\/17\/alcalde-larry-vite-entrega-tablets-a-35-ninos-del-proyecto-la-conexion\/\",\"url\":\"https:\/\/www.santarosa.gob.ec\/web\/2020\/11\/17\/alcalde-larry-vite-entrega-tablets-a-35-ninos-del-proyecto-la-conexion\/\",\"name\":\"Alcalde Larry Vite entrega tablets a 35 ni\u00f1os del proyecto \\\"La Conexi\u00f3n\\\" - GAD Municipal del Cant\u00f3n Santa Rosa\",\"isPartOf\":{\"@id\":\"https:\/\/www.santarosa.gob.ec\/web\/#website\"},\"primaryImageOfPage\":{\"@id\":\"https:\/\/www.santarosa.gob.ec\/web\/2020\/11\/17\/alcalde-larry-vite-entrega-tablets-a-35-ninos-del-proyecto-la-conexion\/#primaryimage\"},\"image\":{\"@id\":\"https:\/\/www.santarosa.gob.ec\/web\/2020\/11\/17\/alcalde-larry-vite-entrega-tablets-a-35-ninos-del-proyecto-la-conexion\/#primaryimage\"},\"thumbnailUrl\":\"https:\/\/www.santarosa.gob.ec\/web\/wp-content\/uploads\/2020\/11\/WhatsApp-Image-2020-11-17-at-21.51.14.jpeg\",\"datePublished\":\"2020-11-18T03:19:49+00:00\",\"author\":{\"@id\":\"https:\/\/www.santarosa.gob.ec\/web\/#\/schema\/person\/54fea9dc046e5de331b8c1b967303085\"},\"breadcrumb\":{\"@id\":\"https:\/\/www.santarosa.gob.ec\/web\/2020\/11\/17\/alcalde-larry-vite-entrega-tablets-a-35-ninos-del-proyecto-la-conexion\/#breadcrumb\"},\"inLanguage\":\"es\",\"potentialAction\":[{\"@type\":\"ReadAction\",\"target\":[\"https:\/\/www.santarosa.gob.ec\/web\/2020\/11\/17\/alcalde-larry-vite-entrega-tablets-a-35-ninos-del-proyecto-la-conexion\/\"]}]},{\"@type\":\"ImageObject\",\"inLanguage\":\"es\",\"@id\":\"https:\/\/www.santarosa.gob.ec\/web\/2020\/11\/17\/alcalde-larry-vite-entrega-tablets-a-35-ninos-del-proyecto-la-conexion\/#primaryimage\",\"url\":\"https:\/\/www.santarosa.gob.ec\/web\/wp-content\/uploads\/2020\/11\/WhatsApp-Image-2020-11-17-at-21.51.14.jpeg\",\"contentUrl\":\"https:\/\/www.santarosa.gob.ec\/web\/wp-content\/uploads\/2020\/11\/WhatsApp-Image-2020-11-17-at-21.51.14.jpeg\",\"width\":1080,\"height\":810,\"caption\":\"Alcalde Larry Vite ha entregado m\u00e1s de 240 tablets a ni\u00f1os del cant\u00f3n Santa Rosa\"},{\"@type\":\"BreadcrumbList\",\"@id\":\"https:\/\/www.santarosa.gob.ec\/web\/2020\/11\/17\/alcalde-larry-vite-entrega-tablets-a-35-ninos-del-proyecto-la-conexion\/#breadcrumb\",\"itemListElement\":[{\"@type\":\"ListItem\",\"position\":1,\"name\":\"Portada\",\"item\":\"https:\/\/www.santarosa.gob.ec\/web\/\"},{\"@type\":\"ListItem\",\"position\":2,\"name\":\"Alcalde Larry Vite entrega tablets a 35 ni\u00f1os del proyecto \u00abLa Conexi\u00f3n\u00bb\"}]},{\"@type\":\"WebSite\",\"@id\":\"https:\/\/www.santarosa.gob.ec\/web\/#website\",\"url\":\"https:\/\/www.santarosa.gob.ec\/web\/\",\"name\":\"GAD Municipal del Cant\u00f3n Santa Rosa\",\"description\":\"\",\"potentialAction\":[{\"@type\":\"SearchAction\",\"target\":{\"@type\":\"EntryPoint\",\"urlTemplate\":\"https:\/\/www.santarosa.gob.ec\/web\/?s={search_term_string}\"},\"query-input\":{\"@type\":\"PropertyValueSpecification\",\"valueRequired\":true,\"valueName\":\"search_term_string\"}}],\"inLanguage\":\"es\"},{\"@type\":\"Person\",\"@id\":\"https:\/\/www.santarosa.gob.ec\/web\/#\/schema\/person\/54fea9dc046e5de331b8c1b967303085\",\"name\":\"Tefi\",\"image\":{\"@type\":\"ImageObject\",\"inLanguage\":\"es\",\"@id\":\"https:\/\/www.santarosa.gob.ec\/web\/#\/schema\/person\/image\/\",\"url\":\"https:\/\/secure.gravatar.com\/avatar\/bf8b22ea88e2f5bb54ee0fab29c1c9fe725323f01d47d3166909a28783019cfa?s=96&d=mm&r=g\",\"contentUrl\":\"https:\/\/secure.gravatar.com\/avatar\/bf8b22ea88e2f5bb54ee0fab29c1c9fe725323f01d47d3166909a28783019cfa?s=96&d=mm&r=g\",\"caption\":\"Tefi\"},\"url\":\"https:\/\/www.santarosa.gob.ec\/web\/author\/comunicacion\/\"}]}<\/script>\n<!-- \/ Yoast SEO plugin. -->","yoast_head_json":{"title":"Alcalde Larry Vite entrega tablets a 35 ni\u00f1os del proyecto \"La Conexi\u00f3n\" - GAD Municipal del Cant\u00f3n Santa Rosa","robots":{"index":"index","follow":"follow","max-snippet":"max-snippet:-1","max-image-preview":"max-image-preview:large","max-video-preview":"max-video-preview:-1"},"canonical":"https:\/\/www.santarosa.gob.ec\/web\/2020\/11\/17\/alcalde-larry-vite-entrega-tablets-a-35-ninos-del-proyecto-la-conexion\/","og_locale":"es_ES","og_type":"article","og_title":"Alcalde Larry Vite entrega tablets a 35 ni\u00f1os del proyecto \"La Conexi\u00f3n\" - GAD Municipal del Cant\u00f3n Santa Rosa","og_description":"[metaslider id=\u00bb3051&#8243;] En el Terminal Terrestre de Santa Rosa, el alcalde Larry Vite presidi\u00f3 la octava entrega de tablets a 35 ni\u00f1os y ni\u00f1as beneficiarios del proyecto La Conexi\u00f3n; de los cuales, 12 pertenecen a la parroquia rural Torata. El&hellip;","og_url":"https:\/\/www.santarosa.gob.ec\/web\/2020\/11\/17\/alcalde-larry-vite-entrega-tablets-a-35-ninos-del-proyecto-la-conexion\/","og_site_name":"GAD Municipal del Cant\u00f3n Santa Rosa","article_published_time":"2020-11-18T03:19:49+00:00","og_image":[{"width":1080,"height":810,"url":"https:\/\/www.santarosa.gob.ec\/web\/wp-content\/uploads\/2020\/11\/WhatsApp-Image-2020-11-17-at-21.51.14.jpeg","type":"image\/jpeg"}],"author":"Tefi","twitter_card":"summary_large_image","twitter_misc":{"Escrito por":"Tefi","Tiempo de lectura":"1 minuto"},"schema":{"@context":"https:\/\/schema.org","@graph":[{"@type":"Article","@id":"https:\/\/www.santarosa.gob.ec\/web\/2020\/11\/17\/alcalde-larry-vite-entrega-tablets-a-35-ninos-del-proyecto-la-conexion\/#article","isPartOf":{"@id":"https:\/\/www.santarosa.gob.ec\/web\/2020\/11\/17\/alcalde-larry-vite-entrega-tablets-a-35-ninos-del-proyecto-la-conexion\/"},"author":{"name":"Tefi","@id":"https:\/\/www.santarosa.gob.ec\/web\/#\/schema\/person\/54fea9dc046e5de331b8c1b967303085"},"headline":"Alcalde Larry Vite entrega tablets a 35 ni\u00f1os del proyecto \u00abLa Conexi\u00f3n\u00bb","datePublished":"2020-11-18T03:19:49+00:00","mainEntityOfPage":{"@id":"https:\/\/www.santarosa.gob.ec\/web\/2020\/11\/17\/alcalde-larry-vite-entrega-tablets-a-35-ninos-del-proyecto-la-conexion\/"},"wordCount":209,"image":{"@id":"https:\/\/www.santarosa.gob.ec\/web\/2020\/11\/17\/alcalde-larry-vite-entrega-tablets-a-35-ninos-del-proyecto-la-conexion\/#primaryimage"},"thumbnailUrl":"https:\/\/www.santarosa.gob.ec\/web\/wp-content\/uploads\/2020\/11\/WhatsApp-Image-2020-11-17-at-21.51.14.jpeg","articleSection":["Noticias"],"inLanguage":"es"},{"@type":"WebPage","@id":"https:\/\/www.santarosa.gob.ec\/web\/2020\/11\/17\/alcalde-larry-vite-entrega-tablets-a-35-ninos-del-proyecto-la-conexion\/","url":"https:\/\/www.santarosa.gob.ec\/web\/2020\/11\/17\/alcalde-larry-vite-entrega-tablets-a-35-ninos-del-proyecto-la-conexion\/","name":"Alcalde Larry Vite entrega tablets a 35 ni\u00f1os del proyecto \"La Conexi\u00f3n\" - GAD Municipal del Cant\u00f3n Santa Rosa","isPartOf":{"@id":"https:\/\/www.santarosa.gob.ec\/web\/#website"},"primaryImageOfPage":{"@id":"https:\/\/www.santarosa.gob.ec\/web\/2020\/11\/17\/alcalde-larry-vite-entrega-tablets-a-35-ninos-del-proyecto-la-conexion\/#primaryimage"},"image":{"@id":"https:\/\/www.santarosa.gob.ec\/web\/2020\/11\/17\/alcalde-larry-vite-entrega-tablets-a-35-ninos-del-proyecto-la-conexion\/#primaryimage"},"thumbnailUrl":"https:\/\/www.santarosa.gob.ec\/web\/wp-content\/uploads\/2020\/11\/WhatsApp-Image-2020-11-17-at-21.51.14.jpeg","datePublished":"2020-11-18T03:19:49+00:00","author":{"@id":"https:\/\/www.santarosa.gob.ec\/web\/#\/schema\/person\/54fea9dc046e5de331b8c1b967303085"},"breadcrumb":{"@id":"https:\/\/www.santarosa.gob.ec\/web\/2020\/11\/17\/alcalde-larry-vite-entrega-tablets-a-35-ninos-del-proyecto-la-conexion\/#breadcrumb"},"inLanguage":"es","potentialAction":[{"@type":"ReadAction","target":["https:\/\/www.santarosa.gob.ec\/web\/2020\/11\/17\/alcalde-larry-vite-entrega-tablets-a-35-ninos-del-proyecto-la-conexion\/"]}]},{"@type":"ImageObject","inLanguage":"es","@id":"https:\/\/www.santarosa.gob.ec\/web\/2020\/11\/17\/alcalde-larry-vite-entrega-tablets-a-35-ninos-del-proyecto-la-conexion\/#primaryimage","url":"https:\/\/www.santarosa.gob.ec\/web\/wp-content\/uploads\/2020\/11\/WhatsApp-Image-2020-11-17-at-21.51.14.jpeg","contentUrl":"https:\/\/www.santarosa.gob.ec\/web\/wp-content\/uploads\/2020\/11\/WhatsApp-Image-2020-11-17-at-21.51.14.jpeg","width":1080,"height":810,"caption":"Alcalde Larry Vite ha entregado m\u00e1s de 240 tablets a ni\u00f1os del cant\u00f3n Santa Rosa"},{"@type":"BreadcrumbList","@id":"https:\/\/www.santarosa.gob.ec\/web\/2020\/11\/17\/alcalde-larry-vite-entrega-tablets-a-35-ninos-del-proyecto-la-conexion\/#breadcrumb","itemListElement":[{"@type":"ListItem","position":1,"name":"Portada","item":"https:\/\/www.santarosa.gob.ec\/web\/"},{"@type":"ListItem","position":2,"name":"Alcalde Larry Vite entrega tablets a 35 ni\u00f1os del proyecto \u00abLa Conexi\u00f3n\u00bb"}]},{"@type":"WebSite","@id":"https:\/\/www.santarosa.gob.ec\/web\/#website","url":"https:\/\/www.santarosa.gob.ec\/web\/","name":"GAD Municipal del Cant\u00f3n Santa Rosa","description":"","potentialAction":[{"@type":"SearchAction","target":{"@type":"EntryPoint","urlTemplate":"https:\/\/www.santarosa.gob.ec\/web\/?s={search_term_string}"},"query-input":{"@type":"PropertyValueSpecification","valueRequired":true,"valueName":"search_term_string"}}],"inLanguage":"es"},{"@type":"Person","@id":"https:\/\/www.santarosa.gob.ec\/web\/#\/schema\/person\/54fea9dc046e5de331b8c1b967303085","name":"Tefi","image":{"@type":"ImageObject","inLanguage":"es","@id":"https:\/\/www.santarosa.gob.ec\/web\/#\/schema\/person\/image\/","url":"https:\/\/secure.gravatar.com\/avatar\/bf8b22ea88e2f5bb54ee0fab29c1c9fe725323f01d47d3166909a28783019cfa?s=96&d=mm&r=g","contentUrl":"https:\/\/secure.gravatar.com\/avatar\/bf8b22ea88e2f5bb54ee0fab29c1c9fe725323f01d47d3166909a28783019cfa?s=96&d=mm&r=g","caption":"Tefi"},"url":"https:\/\/www.santarosa.gob.ec\/web\/author\/comunicacion\/"}]}},"_links":{"self":[{"href":"https:\/\/www.santarosa.gob.ec\/web\/wp-json\/wp\/v2\/posts\/3050","targetHints":{"allow":["GET"]}}],"collection":[{"href":"https:\/\/www.santarosa.gob.ec\/web\/wp-json\/wp\/v2\/posts"}],"about":[{"href":"https:\/\/www.santarosa.gob.ec\/web\/wp-json\/wp\/v2\/types\/post"}],"author":[{"embeddable":true,"href":"https:\/\/www.santarosa.gob.ec\/web\/wp-json\/wp\/v2\/users\/990002"}],"replies":[{"embeddable":true,"href":"https:\/\/www.santarosa.gob.ec\/web\/wp-json\/wp\/v2\/comments?post=3050"}],"version-history":[{"count":0,"href":"https:\/\/www.santarosa.gob.ec\/web\/wp-json\/wp\/v2\/posts\/3050\/revisions"}],"wp:featuredmedia":[{"embeddable":true,"href":"https:\/\/www.santarosa.gob.ec\/web\/wp-json\/wp\/v2\/media\/3041"}],"wp:attachment":[{"href":"https:\/\/www.santarosa.gob.ec\/web\/wp-json\/wp\/v2\/media?parent=3050"}],"wp:term":[{"taxonomy":"category","embeddable":true,"href":"https:\/\/www.santarosa.gob.ec\/web\/wp-json\/wp\/v2\/categories?post=3050"},{"taxonomy":"post_tag","embeddable":true,"href":"https:\/\/www.santarosa.gob.ec\/web\/wp-json\/wp\/v2\/tags?post=3050"}],"curies":[{"name":"wp","href":"https:\/\/api.w.org\/{rel}","templated":true}]}}