{"id":3019,"date":"2020-11-12T16:29:16","date_gmt":"2020-11-12T21:29:16","guid":{"rendered":"http:\/\/www.santarosa.gob.ec\/web\/?p=3019"},"modified":"2020-11-12T16:29:16","modified_gmt":"2020-11-12T21:29:16","slug":"alcalde-larry-vite-y-gerenta-de-sucursal-zonal-litoral-bde-recorren-obra-de-restauracion-de-iglesia-de-bellavista","status":"publish","type":"post","link":"https:\/\/www.santarosa.gob.ec\/web\/2020\/11\/12\/alcalde-larry-vite-y-gerenta-de-sucursal-zonal-litoral-bde-recorren-obra-de-restauracion-de-iglesia-de-bellavista\/","title":{"rendered":"Alcalde Larry Vite y gerenta de Sucursal Zonal Litoral BDE recorren obra de restauraci\u00f3n de iglesia de Bellavista"},"content":{"rendered":"<p>[metaslider id=\u00bb3024&#8243;]<\/p>\n<p style=\"text-align: justify;\">El alcalde del cant\u00f3n Santa Rosa, Larry Vite Cevallos, en compa\u00f1\u00eda de la gerente de la Sucursal Zonal Litoral del Banco de Desarrollo del Ecuador (BDE), In\u00e9s Luzuriaga; presidente del GAD Parroquial de Bellavista, Pedro Aragundi, recorrieron la obra de restauraci\u00f3n integral de la Iglesia Matriz de la parroquia Bellavista, como parte del proceso protocolario establecido con el BDE en el convenio de asignaci\u00f3n de fondos FINGAD (no reembolsables).<\/p>\n<p style=\"text-align: justify;\">El alcalde Larry Vite indic\u00f3 que la rehabilitaci\u00f3n de la iglesia responde a un trabajo coordinado entre instituciones. \u201cMantuvimos reuniones para determinar el financiamiento que permita dar paso a los trabajos de restauraci\u00f3n. Es ah\u00ed que presentamos el proyecto ante el BDE y ahora estamos devolviendo la esperanza y la fe a toda la comunidad de Bellavista\u201d, indic\u00f3 la autoridad cantonal.<\/p>\n<p style=\"text-align: justify;\">La gerente de la Sucursal Zonal Litoral del Banco de Desarrollo del Ecuador (BDE), In\u00e9s Luzuriaga, indic\u00f3 que este proyecto consiste en un convenio de asignaci\u00f3n por parte del Banco de Desarrollo que otorga fondos FINGAD. \u201cEsto quiere decir, el presupuesto que el Gobierno Cantonal debe recibir por parte del Ministerio de Finanzas se otorga a trav\u00e9s de proyectos que administra el BDE. El desembolso a realizar es de 51.419,54\u201d, mencion\u00f3.<\/p>\n<p><strong>Trabajos de restauraci\u00f3n<\/strong><br \/>\nLa Iglesia Matriz de la parroquia de Bellavista se intervino en su totalidad con trabajos de coloraci\u00f3n (pintado) de la parte interna y externa de la estructura, empastado integral, curado de la madera e impermeabilizaci\u00f3n del techo. El valor de la obra establecida en el contrato es de $ 95.432,44; del cual, el BDE financia la mitad, a trav\u00e9s del Ministerio, y la contraparte la Municipalidad.<\/p>\n<p style=\"text-align: justify;\">El presidente del GAD Parroquial de Bellavista, Pedro Aragundi, manifest\u00f3 que gracias a la administraci\u00f3n del alcalde Larry Vite Cevallos, la iglesia de esta parroquia es restaurada despu\u00e9s de 90 a\u00f1os de abandono. \u201cA trav\u00e9s de la gesti\u00f3n del alcalde se pudo concretar el financiamiento para la rehabilitaci\u00f3n de esta obra arquitect\u00f3nica tan importante que tenemos en nuestro cant\u00f3n\u201d, refiri\u00f3.<\/p>\n","protected":false},"excerpt":{"rendered":"<p>[metaslider id=\u00bb3024&#8243;] El alcalde del cant\u00f3n Santa Rosa, Larry Vite Cevallos, en compa\u00f1\u00eda de la gerente de la Sucursal Zonal Litoral del Banco de Desarrollo del Ecuador (BDE), In\u00e9s Luzuriaga; presidente del GAD Parroquial de Bellavista, Pedro Aragundi, recorrieron la&hellip;<\/p>\n","protected":false},"author":990002,"featured_media":3023,"comment_status":"closed","ping_status":"open","sticky":false,"template":"","format":"standard","meta":{"footnotes":""},"categories":[35],"tags":[],"class_list":["post-3019","post","type-post","status-publish","format-standard","has-post-thumbnail","hentry","category-noticias"],"yoast_head":"<!-- This site is optimized with the Yoast SEO plugin v26.8 - https:\/\/yoast.com\/product\/yoast-seo-wordpress\/ -->\n<title>Alcalde Larry Vite y gerenta de Sucursal Zonal Litoral BDE recorren obra de restauraci\u00f3n de iglesia de Bellavista - GAD Municipal del Cant\u00f3n Santa Rosa<\/title>\n<meta name=\"robots\" content=\"index, follow, max-snippet:-1, max-image-preview:large, max-video-preview:-1\" \/>\n<link rel=\"canonical\" href=\"https:\/\/www.santarosa.gob.ec\/web\/2020\/11\/12\/alcalde-larry-vite-y-gerenta-de-sucursal-zonal-litoral-bde-recorren-obra-de-restauracion-de-iglesia-de-bellavista\/\" \/>\n<meta property=\"og:locale\" content=\"es_ES\" \/>\n<meta property=\"og:type\" content=\"article\" \/>\n<meta property=\"og:title\" content=\"Alcalde Larry Vite y gerenta de Sucursal Zonal Litoral BDE recorren obra de restauraci\u00f3n de iglesia de Bellavista - GAD Municipal del Cant\u00f3n Santa Rosa\" \/>\n<meta property=\"og:description\" content=\"[metaslider id=\u00bb3024&#8243;] El alcalde del cant\u00f3n Santa Rosa, Larry Vite Cevallos, en compa\u00f1\u00eda de la gerente de la Sucursal Zonal Litoral del Banco de Desarrollo del Ecuador (BDE), In\u00e9s Luzuriaga; presidente del GAD Parroquial de Bellavista, Pedro Aragundi, recorrieron la&hellip;\" \/>\n<meta property=\"og:url\" content=\"https:\/\/www.santarosa.gob.ec\/web\/2020\/11\/12\/alcalde-larry-vite-y-gerenta-de-sucursal-zonal-litoral-bde-recorren-obra-de-restauracion-de-iglesia-de-bellavista\/\" \/>\n<meta property=\"og:site_name\" content=\"GAD Municipal del Cant\u00f3n Santa Rosa\" \/>\n<meta property=\"article:published_time\" content=\"2020-11-12T21:29:16+00:00\" \/>\n<meta property=\"og:image\" content=\"https:\/\/www.santarosa.gob.ec\/web\/wp-content\/uploads\/2020\/11\/WhatsApp-Image-2020-11-12-at-16.07.57.jpeg\" \/>\n\t<meta property=\"og:image:width\" content=\"1024\" \/>\n\t<meta property=\"og:image:height\" content=\"768\" \/>\n\t<meta property=\"og:image:type\" content=\"image\/jpeg\" \/>\n<meta name=\"author\" content=\"Tefi\" \/>\n<meta name=\"twitter:card\" content=\"summary_large_image\" \/>\n<meta name=\"twitter:label1\" content=\"Escrito por\" \/>\n\t<meta name=\"twitter:data1\" content=\"Tefi\" \/>\n\t<meta name=\"twitter:label2\" content=\"Tiempo de lectura\" \/>\n\t<meta name=\"twitter:data2\" content=\"2 minutos\" \/>\n<script type=\"application\/ld+json\" class=\"yoast-schema-graph\">{\"@context\":\"https:\/\/schema.org\",\"@graph\":[{\"@type\":\"Article\",\"@id\":\"https:\/\/www.santarosa.gob.ec\/web\/2020\/11\/12\/alcalde-larry-vite-y-gerenta-de-sucursal-zonal-litoral-bde-recorren-obra-de-restauracion-de-iglesia-de-bellavista\/#article\",\"isPartOf\":{\"@id\":\"https:\/\/www.santarosa.gob.ec\/web\/2020\/11\/12\/alcalde-larry-vite-y-gerenta-de-sucursal-zonal-litoral-bde-recorren-obra-de-restauracion-de-iglesia-de-bellavista\/\"},\"author\":{\"name\":\"Tefi\",\"@id\":\"https:\/\/www.santarosa.gob.ec\/web\/#\/schema\/person\/54fea9dc046e5de331b8c1b967303085\"},\"headline\":\"Alcalde Larry Vite y gerenta de Sucursal Zonal Litoral BDE recorren obra de restauraci\u00f3n de iglesia de Bellavista\",\"datePublished\":\"2020-11-12T21:29:16+00:00\",\"mainEntityOfPage\":{\"@id\":\"https:\/\/www.santarosa.gob.ec\/web\/2020\/11\/12\/alcalde-larry-vite-y-gerenta-de-sucursal-zonal-litoral-bde-recorren-obra-de-restauracion-de-iglesia-de-bellavista\/\"},\"wordCount\":369,\"image\":{\"@id\":\"https:\/\/www.santarosa.gob.ec\/web\/2020\/11\/12\/alcalde-larry-vite-y-gerenta-de-sucursal-zonal-litoral-bde-recorren-obra-de-restauracion-de-iglesia-de-bellavista\/#primaryimage\"},\"thumbnailUrl\":\"https:\/\/www.santarosa.gob.ec\/web\/wp-content\/uploads\/2020\/11\/WhatsApp-Image-2020-11-12-at-16.07.57.jpeg\",\"articleSection\":[\"Noticias\"],\"inLanguage\":\"es\"},{\"@type\":\"WebPage\",\"@id\":\"https:\/\/www.santarosa.gob.ec\/web\/2020\/11\/12\/alcalde-larry-vite-y-gerenta-de-sucursal-zonal-litoral-bde-recorren-obra-de-restauracion-de-iglesia-de-bellavista\/\",\"url\":\"https:\/\/www.santarosa.gob.ec\/web\/2020\/11\/12\/alcalde-larry-vite-y-gerenta-de-sucursal-zonal-litoral-bde-recorren-obra-de-restauracion-de-iglesia-de-bellavista\/\",\"name\":\"Alcalde Larry Vite y gerenta de Sucursal Zonal Litoral BDE recorren obra de restauraci\u00f3n de iglesia de Bellavista - GAD Municipal del Cant\u00f3n Santa Rosa\",\"isPartOf\":{\"@id\":\"https:\/\/www.santarosa.gob.ec\/web\/#website\"},\"primaryImageOfPage\":{\"@id\":\"https:\/\/www.santarosa.gob.ec\/web\/2020\/11\/12\/alcalde-larry-vite-y-gerenta-de-sucursal-zonal-litoral-bde-recorren-obra-de-restauracion-de-iglesia-de-bellavista\/#primaryimage\"},\"image\":{\"@id\":\"https:\/\/www.santarosa.gob.ec\/web\/2020\/11\/12\/alcalde-larry-vite-y-gerenta-de-sucursal-zonal-litoral-bde-recorren-obra-de-restauracion-de-iglesia-de-bellavista\/#primaryimage\"},\"thumbnailUrl\":\"https:\/\/www.santarosa.gob.ec\/web\/wp-content\/uploads\/2020\/11\/WhatsApp-Image-2020-11-12-at-16.07.57.jpeg\",\"datePublished\":\"2020-11-12T21:29:16+00:00\",\"author\":{\"@id\":\"https:\/\/www.santarosa.gob.ec\/web\/#\/schema\/person\/54fea9dc046e5de331b8c1b967303085\"},\"breadcrumb\":{\"@id\":\"https:\/\/www.santarosa.gob.ec\/web\/2020\/11\/12\/alcalde-larry-vite-y-gerenta-de-sucursal-zonal-litoral-bde-recorren-obra-de-restauracion-de-iglesia-de-bellavista\/#breadcrumb\"},\"inLanguage\":\"es\",\"potentialAction\":[{\"@type\":\"ReadAction\",\"target\":[\"https:\/\/www.santarosa.gob.ec\/web\/2020\/11\/12\/alcalde-larry-vite-y-gerenta-de-sucursal-zonal-litoral-bde-recorren-obra-de-restauracion-de-iglesia-de-bellavista\/\"]}]},{\"@type\":\"ImageObject\",\"inLanguage\":\"es\",\"@id\":\"https:\/\/www.santarosa.gob.ec\/web\/2020\/11\/12\/alcalde-larry-vite-y-gerenta-de-sucursal-zonal-litoral-bde-recorren-obra-de-restauracion-de-iglesia-de-bellavista\/#primaryimage\",\"url\":\"https:\/\/www.santarosa.gob.ec\/web\/wp-content\/uploads\/2020\/11\/WhatsApp-Image-2020-11-12-at-16.07.57.jpeg\",\"contentUrl\":\"https:\/\/www.santarosa.gob.ec\/web\/wp-content\/uploads\/2020\/11\/WhatsApp-Image-2020-11-12-at-16.07.57.jpeg\",\"width\":1024,\"height\":768,\"caption\":\"Gerente de Sucursal Zonal Litoral del BDE, In\u00e9s Luzuriaga, informa sobre convenio de asignaci\u00f3n de fondos no reembolsables para financiamiento de la obra.\"},{\"@type\":\"BreadcrumbList\",\"@id\":\"https:\/\/www.santarosa.gob.ec\/web\/2020\/11\/12\/alcalde-larry-vite-y-gerenta-de-sucursal-zonal-litoral-bde-recorren-obra-de-restauracion-de-iglesia-de-bellavista\/#breadcrumb\",\"itemListElement\":[{\"@type\":\"ListItem\",\"position\":1,\"name\":\"Portada\",\"item\":\"https:\/\/www.santarosa.gob.ec\/web\/\"},{\"@type\":\"ListItem\",\"position\":2,\"name\":\"Alcalde Larry Vite y gerenta de Sucursal Zonal Litoral BDE recorren obra de restauraci\u00f3n de iglesia de Bellavista\"}]},{\"@type\":\"WebSite\",\"@id\":\"https:\/\/www.santarosa.gob.ec\/web\/#website\",\"url\":\"https:\/\/www.santarosa.gob.ec\/web\/\",\"name\":\"GAD Municipal del Cant\u00f3n Santa Rosa\",\"description\":\"\",\"potentialAction\":[{\"@type\":\"SearchAction\",\"target\":{\"@type\":\"EntryPoint\",\"urlTemplate\":\"https:\/\/www.santarosa.gob.ec\/web\/?s={search_term_string}\"},\"query-input\":{\"@type\":\"PropertyValueSpecification\",\"valueRequired\":true,\"valueName\":\"search_term_string\"}}],\"inLanguage\":\"es\"},{\"@type\":\"Person\",\"@id\":\"https:\/\/www.santarosa.gob.ec\/web\/#\/schema\/person\/54fea9dc046e5de331b8c1b967303085\",\"name\":\"Tefi\",\"image\":{\"@type\":\"ImageObject\",\"inLanguage\":\"es\",\"@id\":\"https:\/\/www.santarosa.gob.ec\/web\/#\/schema\/person\/image\/\",\"url\":\"https:\/\/secure.gravatar.com\/avatar\/bf8b22ea88e2f5bb54ee0fab29c1c9fe725323f01d47d3166909a28783019cfa?s=96&d=mm&r=g\",\"contentUrl\":\"https:\/\/secure.gravatar.com\/avatar\/bf8b22ea88e2f5bb54ee0fab29c1c9fe725323f01d47d3166909a28783019cfa?s=96&d=mm&r=g\",\"caption\":\"Tefi\"},\"url\":\"https:\/\/www.santarosa.gob.ec\/web\/author\/comunicacion\/\"}]}<\/script>\n<!-- \/ Yoast SEO plugin. -->","yoast_head_json":{"title":"Alcalde Larry Vite y gerenta de Sucursal Zonal Litoral BDE recorren obra de restauraci\u00f3n de iglesia de Bellavista - GAD Municipal del Cant\u00f3n Santa Rosa","robots":{"index":"index","follow":"follow","max-snippet":"max-snippet:-1","max-image-preview":"max-image-preview:large","max-video-preview":"max-video-preview:-1"},"canonical":"https:\/\/www.santarosa.gob.ec\/web\/2020\/11\/12\/alcalde-larry-vite-y-gerenta-de-sucursal-zonal-litoral-bde-recorren-obra-de-restauracion-de-iglesia-de-bellavista\/","og_locale":"es_ES","og_type":"article","og_title":"Alcalde Larry Vite y gerenta de Sucursal Zonal Litoral BDE recorren obra de restauraci\u00f3n de iglesia de Bellavista - GAD Municipal del Cant\u00f3n Santa Rosa","og_description":"[metaslider id=\u00bb3024&#8243;] El alcalde del cant\u00f3n Santa Rosa, Larry Vite Cevallos, en compa\u00f1\u00eda de la gerente de la Sucursal Zonal Litoral del Banco de Desarrollo del Ecuador (BDE), In\u00e9s Luzuriaga; presidente del GAD Parroquial de Bellavista, Pedro Aragundi, recorrieron la&hellip;","og_url":"https:\/\/www.santarosa.gob.ec\/web\/2020\/11\/12\/alcalde-larry-vite-y-gerenta-de-sucursal-zonal-litoral-bde-recorren-obra-de-restauracion-de-iglesia-de-bellavista\/","og_site_name":"GAD Municipal del Cant\u00f3n Santa Rosa","article_published_time":"2020-11-12T21:29:16+00:00","og_image":[{"width":1024,"height":768,"url":"https:\/\/www.santarosa.gob.ec\/web\/wp-content\/uploads\/2020\/11\/WhatsApp-Image-2020-11-12-at-16.07.57.jpeg","type":"image\/jpeg"}],"author":"Tefi","twitter_card":"summary_large_image","twitter_misc":{"Escrito por":"Tefi","Tiempo de lectura":"2 minutos"},"schema":{"@context":"https:\/\/schema.org","@graph":[{"@type":"Article","@id":"https:\/\/www.santarosa.gob.ec\/web\/2020\/11\/12\/alcalde-larry-vite-y-gerenta-de-sucursal-zonal-litoral-bde-recorren-obra-de-restauracion-de-iglesia-de-bellavista\/#article","isPartOf":{"@id":"https:\/\/www.santarosa.gob.ec\/web\/2020\/11\/12\/alcalde-larry-vite-y-gerenta-de-sucursal-zonal-litoral-bde-recorren-obra-de-restauracion-de-iglesia-de-bellavista\/"},"author":{"name":"Tefi","@id":"https:\/\/www.santarosa.gob.ec\/web\/#\/schema\/person\/54fea9dc046e5de331b8c1b967303085"},"headline":"Alcalde Larry Vite y gerenta de Sucursal Zonal Litoral BDE recorren obra de restauraci\u00f3n de iglesia de Bellavista","datePublished":"2020-11-12T21:29:16+00:00","mainEntityOfPage":{"@id":"https:\/\/www.santarosa.gob.ec\/web\/2020\/11\/12\/alcalde-larry-vite-y-gerenta-de-sucursal-zonal-litoral-bde-recorren-obra-de-restauracion-de-iglesia-de-bellavista\/"},"wordCount":369,"image":{"@id":"https:\/\/www.santarosa.gob.ec\/web\/2020\/11\/12\/alcalde-larry-vite-y-gerenta-de-sucursal-zonal-litoral-bde-recorren-obra-de-restauracion-de-iglesia-de-bellavista\/#primaryimage"},"thumbnailUrl":"https:\/\/www.santarosa.gob.ec\/web\/wp-content\/uploads\/2020\/11\/WhatsApp-Image-2020-11-12-at-16.07.57.jpeg","articleSection":["Noticias"],"inLanguage":"es"},{"@type":"WebPage","@id":"https:\/\/www.santarosa.gob.ec\/web\/2020\/11\/12\/alcalde-larry-vite-y-gerenta-de-sucursal-zonal-litoral-bde-recorren-obra-de-restauracion-de-iglesia-de-bellavista\/","url":"https:\/\/www.santarosa.gob.ec\/web\/2020\/11\/12\/alcalde-larry-vite-y-gerenta-de-sucursal-zonal-litoral-bde-recorren-obra-de-restauracion-de-iglesia-de-bellavista\/","name":"Alcalde Larry Vite y gerenta de Sucursal Zonal Litoral BDE recorren obra de restauraci\u00f3n de iglesia de Bellavista - GAD Municipal del Cant\u00f3n Santa Rosa","isPartOf":{"@id":"https:\/\/www.santarosa.gob.ec\/web\/#website"},"primaryImageOfPage":{"@id":"https:\/\/www.santarosa.gob.ec\/web\/2020\/11\/12\/alcalde-larry-vite-y-gerenta-de-sucursal-zonal-litoral-bde-recorren-obra-de-restauracion-de-iglesia-de-bellavista\/#primaryimage"},"image":{"@id":"https:\/\/www.santarosa.gob.ec\/web\/2020\/11\/12\/alcalde-larry-vite-y-gerenta-de-sucursal-zonal-litoral-bde-recorren-obra-de-restauracion-de-iglesia-de-bellavista\/#primaryimage"},"thumbnailUrl":"https:\/\/www.santarosa.gob.ec\/web\/wp-content\/uploads\/2020\/11\/WhatsApp-Image-2020-11-12-at-16.07.57.jpeg","datePublished":"2020-11-12T21:29:16+00:00","author":{"@id":"https:\/\/www.santarosa.gob.ec\/web\/#\/schema\/person\/54fea9dc046e5de331b8c1b967303085"},"breadcrumb":{"@id":"https:\/\/www.santarosa.gob.ec\/web\/2020\/11\/12\/alcalde-larry-vite-y-gerenta-de-sucursal-zonal-litoral-bde-recorren-obra-de-restauracion-de-iglesia-de-bellavista\/#breadcrumb"},"inLanguage":"es","potentialAction":[{"@type":"ReadAction","target":["https:\/\/www.santarosa.gob.ec\/web\/2020\/11\/12\/alcalde-larry-vite-y-gerenta-de-sucursal-zonal-litoral-bde-recorren-obra-de-restauracion-de-iglesia-de-bellavista\/"]}]},{"@type":"ImageObject","inLanguage":"es","@id":"https:\/\/www.santarosa.gob.ec\/web\/2020\/11\/12\/alcalde-larry-vite-y-gerenta-de-sucursal-zonal-litoral-bde-recorren-obra-de-restauracion-de-iglesia-de-bellavista\/#primaryimage","url":"https:\/\/www.santarosa.gob.ec\/web\/wp-content\/uploads\/2020\/11\/WhatsApp-Image-2020-11-12-at-16.07.57.jpeg","contentUrl":"https:\/\/www.santarosa.gob.ec\/web\/wp-content\/uploads\/2020\/11\/WhatsApp-Image-2020-11-12-at-16.07.57.jpeg","width":1024,"height":768,"caption":"Gerente de Sucursal Zonal Litoral del BDE, In\u00e9s Luzuriaga, informa sobre convenio de asignaci\u00f3n de fondos no reembolsables para financiamiento de la obra."},{"@type":"BreadcrumbList","@id":"https:\/\/www.santarosa.gob.ec\/web\/2020\/11\/12\/alcalde-larry-vite-y-gerenta-de-sucursal-zonal-litoral-bde-recorren-obra-de-restauracion-de-iglesia-de-bellavista\/#breadcrumb","itemListElement":[{"@type":"ListItem","position":1,"name":"Portada","item":"https:\/\/www.santarosa.gob.ec\/web\/"},{"@type":"ListItem","position":2,"name":"Alcalde Larry Vite y gerenta de Sucursal Zonal Litoral BDE recorren obra de restauraci\u00f3n de iglesia de Bellavista"}]},{"@type":"WebSite","@id":"https:\/\/www.santarosa.gob.ec\/web\/#website","url":"https:\/\/www.santarosa.gob.ec\/web\/","name":"GAD Municipal del Cant\u00f3n Santa Rosa","description":"","potentialAction":[{"@type":"SearchAction","target":{"@type":"EntryPoint","urlTemplate":"https:\/\/www.santarosa.gob.ec\/web\/?s={search_term_string}"},"query-input":{"@type":"PropertyValueSpecification","valueRequired":true,"valueName":"search_term_string"}}],"inLanguage":"es"},{"@type":"Person","@id":"https:\/\/www.santarosa.gob.ec\/web\/#\/schema\/person\/54fea9dc046e5de331b8c1b967303085","name":"Tefi","image":{"@type":"ImageObject","inLanguage":"es","@id":"https:\/\/www.santarosa.gob.ec\/web\/#\/schema\/person\/image\/","url":"https:\/\/secure.gravatar.com\/avatar\/bf8b22ea88e2f5bb54ee0fab29c1c9fe725323f01d47d3166909a28783019cfa?s=96&d=mm&r=g","contentUrl":"https:\/\/secure.gravatar.com\/avatar\/bf8b22ea88e2f5bb54ee0fab29c1c9fe725323f01d47d3166909a28783019cfa?s=96&d=mm&r=g","caption":"Tefi"},"url":"https:\/\/www.santarosa.gob.ec\/web\/author\/comunicacion\/"}]}},"_links":{"self":[{"href":"https:\/\/www.santarosa.gob.ec\/web\/wp-json\/wp\/v2\/posts\/3019","targetHints":{"allow":["GET"]}}],"collection":[{"href":"https:\/\/www.santarosa.gob.ec\/web\/wp-json\/wp\/v2\/posts"}],"about":[{"href":"https:\/\/www.santarosa.gob.ec\/web\/wp-json\/wp\/v2\/types\/post"}],"author":[{"embeddable":true,"href":"https:\/\/www.santarosa.gob.ec\/web\/wp-json\/wp\/v2\/users\/990002"}],"replies":[{"embeddable":true,"href":"https:\/\/www.santarosa.gob.ec\/web\/wp-json\/wp\/v2\/comments?post=3019"}],"version-history":[{"count":0,"href":"https:\/\/www.santarosa.gob.ec\/web\/wp-json\/wp\/v2\/posts\/3019\/revisions"}],"wp:featuredmedia":[{"embeddable":true,"href":"https:\/\/www.santarosa.gob.ec\/web\/wp-json\/wp\/v2\/media\/3023"}],"wp:attachment":[{"href":"https:\/\/www.santarosa.gob.ec\/web\/wp-json\/wp\/v2\/media?parent=3019"}],"wp:term":[{"taxonomy":"category","embeddable":true,"href":"https:\/\/www.santarosa.gob.ec\/web\/wp-json\/wp\/v2\/categories?post=3019"},{"taxonomy":"post_tag","embeddable":true,"href":"https:\/\/www.santarosa.gob.ec\/web\/wp-json\/wp\/v2\/tags?post=3019"}],"curies":[{"name":"wp","href":"https:\/\/api.w.org\/{rel}","templated":true}]}}