{"id":13477,"date":"2026-01-15T11:18:30","date_gmt":"2026-01-15T16:18:30","guid":{"rendered":"https:\/\/www.santarosa.gob.ec\/web\/?p=13477"},"modified":"2026-01-15T11:18:30","modified_gmt":"2026-01-15T16:18:30","slug":"alcalde-larry-vite-impulsa-obras-a-traves-de-administracion-directa-y-mingas-comunitarias","status":"publish","type":"post","link":"https:\/\/www.santarosa.gob.ec\/web\/2026\/01\/15\/alcalde-larry-vite-impulsa-obras-a-traves-de-administracion-directa-y-mingas-comunitarias\/","title":{"rendered":"Alcalde Larry Vite impulsa obras a trav\u00e9s de administraci\u00f3n directa y mingas comunitarias"},"content":{"rendered":"<p><img loading=\"lazy\" decoding=\"async\" class=\" wp-image-13478 aligncenter\" src=\"http:\/\/www.santarosa.gob.ec\/web\/wp-content\/uploads\/2026\/01\/WhatsApp-Image-2026-01-12-at-5.03.26-PM-300x169.jpeg\" alt=\"\" width=\"444\" height=\"250\" srcset=\"https:\/\/www.santarosa.gob.ec\/web\/wp-content\/uploads\/2026\/01\/WhatsApp-Image-2026-01-12-at-5.03.26-PM-300x169.jpeg 300w, https:\/\/www.santarosa.gob.ec\/web\/wp-content\/uploads\/2026\/01\/WhatsApp-Image-2026-01-12-at-5.03.26-PM-1024x576.jpeg 1024w, https:\/\/www.santarosa.gob.ec\/web\/wp-content\/uploads\/2026\/01\/WhatsApp-Image-2026-01-12-at-5.03.26-PM-768x432.jpeg 768w, https:\/\/www.santarosa.gob.ec\/web\/wp-content\/uploads\/2026\/01\/WhatsApp-Image-2026-01-12-at-5.03.26-PM-370x208.jpeg 370w, https:\/\/www.santarosa.gob.ec\/web\/wp-content\/uploads\/2026\/01\/WhatsApp-Image-2026-01-12-at-5.03.26-PM-1170x658.jpeg 1170w, https:\/\/www.santarosa.gob.ec\/web\/wp-content\/uploads\/2026\/01\/WhatsApp-Image-2026-01-12-at-5.03.26-PM-760x428.jpeg 760w, https:\/\/www.santarosa.gob.ec\/web\/wp-content\/uploads\/2026\/01\/WhatsApp-Image-2026-01-12-at-5.03.26-PM-270x152.jpeg 270w, https:\/\/www.santarosa.gob.ec\/web\/wp-content\/uploads\/2026\/01\/WhatsApp-Image-2026-01-12-at-5.03.26-PM.jpeg 1280w\" sizes=\"auto, (max-width: 444px) 100vw, 444px\" \/><\/p>\n<blockquote><p>Se construyen 3 Centros de Desarrollo Familiar m\u00e1s para Santa Rosa<\/p><\/blockquote>\n<p style=\"text-align: justify;\">Con un firme compromiso con el cuidado del medioambiente y el desarrollo comunitario, el alcalde Larry Vite impulsa importantes obras municipales mediante el sistema de administraci\u00f3n directa y mingas comunitarias, una modalidad que permite optimizar recursos y reducir gastos. Un claro ejemplo es el Centro de Desarrollo Familiar de la ciudadela Alborada II, en la parroquia Nuevo Santa Rosa, donde este fin de semana, junto a la primera dama Andreita Morocho, sembr\u00f3 guayacanes amarillos con el objetivo de promover espacios p\u00fablicos m\u00e1s verdes y sostenibles.<\/p>\n<p style=\"text-align: justify;\">El CDF de la Alborada II se construye a trav\u00e9s de administraci\u00f3n directa y actualmente registra un avance del 70 % en su primera fase. Esta obra contempla una cancha deportiva, tribuna con techado, cerramiento perimetral, \u00e1rea de camerinos y bar. Adem\u00e1s, mediante el proyecto la minga, se ejecuta la construcci\u00f3n de la acera del centro, con el objetivo de garantizar mayor seguridad peatonal para quienes acuden a este espacio recreativo y deportivo.<\/p>\n<p style=\"text-align: justify;\">De igual manera, el burgomaestre reiter\u00f3 que se contin\u00faa trabajando bajo esta modalidad en los Centros de Desarrollo Familiar de la Lotizaci\u00f3n Quitumbe y la ciudadela Teodoro Vite, obras que han sido posibles gracias al esfuerzo conjunto del personal municipal y el apoyo activo de la comunidad. Asimismo, se ejecutan intervenciones en las casas comunales de la ciudadela Nueva Esperanza y San Jacinto, fortaleciendo as\u00ed los espacios de integraci\u00f3n social.<\/p>\n<p style=\"text-align: justify;\">La administraci\u00f3n municipal liderada por el alcalde Larry Vite ratifica su compromiso con el bienestar de la familia grande, el cuidado del medioambiente y la ejecuci\u00f3n de obras de gran importancia social, demostrando que el trabajo conjunto entre autoridades, servidores municipales y comunidad es clave para el desarrollo del cant\u00f3n.<\/p>\n","protected":false},"excerpt":{"rendered":"<p>Se construyen 3 Centros de Desarrollo Familiar m\u00e1s para Santa Rosa Con un firme compromiso con el cuidado del medioambiente y el desarrollo comunitario, el alcalde Larry Vite impulsa importantes obras municipales mediante el sistema de administraci\u00f3n directa y mingas&hellip;<\/p>\n","protected":false},"author":990002,"featured_media":13478,"comment_status":"closed","ping_status":"open","sticky":false,"template":"","format":"standard","meta":{"footnotes":""},"categories":[35],"tags":[],"class_list":["post-13477","post","type-post","status-publish","format-standard","has-post-thumbnail","hentry","category-noticias"],"yoast_head":"<!-- This site is optimized with the Yoast SEO plugin v26.8 - https:\/\/yoast.com\/product\/yoast-seo-wordpress\/ -->\n<title>Alcalde Larry Vite impulsa obras a trav\u00e9s de administraci\u00f3n directa y mingas comunitarias - GAD Municipal del Cant\u00f3n Santa Rosa<\/title>\n<meta name=\"robots\" content=\"index, follow, max-snippet:-1, max-image-preview:large, max-video-preview:-1\" \/>\n<link rel=\"canonical\" href=\"https:\/\/www.santarosa.gob.ec\/web\/2026\/01\/15\/alcalde-larry-vite-impulsa-obras-a-traves-de-administracion-directa-y-mingas-comunitarias\/\" \/>\n<meta property=\"og:locale\" content=\"es_ES\" \/>\n<meta property=\"og:type\" content=\"article\" \/>\n<meta property=\"og:title\" content=\"Alcalde Larry Vite impulsa obras a trav\u00e9s de administraci\u00f3n directa y mingas comunitarias - GAD Municipal del Cant\u00f3n Santa Rosa\" \/>\n<meta property=\"og:description\" content=\"Se construyen 3 Centros de Desarrollo Familiar m\u00e1s para Santa Rosa Con un firme compromiso con el cuidado del medioambiente y el desarrollo comunitario, el alcalde Larry Vite impulsa importantes obras municipales mediante el sistema de administraci\u00f3n directa y mingas&hellip;\" \/>\n<meta property=\"og:url\" content=\"https:\/\/www.santarosa.gob.ec\/web\/2026\/01\/15\/alcalde-larry-vite-impulsa-obras-a-traves-de-administracion-directa-y-mingas-comunitarias\/\" \/>\n<meta property=\"og:site_name\" content=\"GAD Municipal del Cant\u00f3n Santa Rosa\" \/>\n<meta property=\"article:published_time\" content=\"2026-01-15T16:18:30+00:00\" \/>\n<meta property=\"og:image\" content=\"https:\/\/www.santarosa.gob.ec\/web\/wp-content\/uploads\/2026\/01\/WhatsApp-Image-2026-01-12-at-5.03.26-PM.jpeg\" \/>\n\t<meta property=\"og:image:width\" content=\"1280\" \/>\n\t<meta property=\"og:image:height\" content=\"720\" \/>\n\t<meta property=\"og:image:type\" content=\"image\/jpeg\" \/>\n<meta name=\"author\" content=\"Tefi\" \/>\n<meta name=\"twitter:card\" content=\"summary_large_image\" \/>\n<meta name=\"twitter:label1\" content=\"Escrito por\" \/>\n\t<meta name=\"twitter:data1\" content=\"Tefi\" \/>\n\t<meta name=\"twitter:label2\" content=\"Tiempo de lectura\" \/>\n\t<meta name=\"twitter:data2\" content=\"2 minutos\" \/>\n<script type=\"application\/ld+json\" class=\"yoast-schema-graph\">{\"@context\":\"https:\/\/schema.org\",\"@graph\":[{\"@type\":\"Article\",\"@id\":\"https:\/\/www.santarosa.gob.ec\/web\/2026\/01\/15\/alcalde-larry-vite-impulsa-obras-a-traves-de-administracion-directa-y-mingas-comunitarias\/#article\",\"isPartOf\":{\"@id\":\"https:\/\/www.santarosa.gob.ec\/web\/2026\/01\/15\/alcalde-larry-vite-impulsa-obras-a-traves-de-administracion-directa-y-mingas-comunitarias\/\"},\"author\":{\"name\":\"Tefi\",\"@id\":\"https:\/\/www.santarosa.gob.ec\/web\/#\/schema\/person\/54fea9dc046e5de331b8c1b967303085\"},\"headline\":\"Alcalde Larry Vite impulsa obras a trav\u00e9s de administraci\u00f3n directa y mingas comunitarias\",\"datePublished\":\"2026-01-15T16:18:30+00:00\",\"mainEntityOfPage\":{\"@id\":\"https:\/\/www.santarosa.gob.ec\/web\/2026\/01\/15\/alcalde-larry-vite-impulsa-obras-a-traves-de-administracion-directa-y-mingas-comunitarias\/\"},\"wordCount\":315,\"image\":{\"@id\":\"https:\/\/www.santarosa.gob.ec\/web\/2026\/01\/15\/alcalde-larry-vite-impulsa-obras-a-traves-de-administracion-directa-y-mingas-comunitarias\/#primaryimage\"},\"thumbnailUrl\":\"https:\/\/www.santarosa.gob.ec\/web\/wp-content\/uploads\/2026\/01\/WhatsApp-Image-2026-01-12-at-5.03.26-PM.jpeg\",\"articleSection\":[\"Noticias\"],\"inLanguage\":\"es\"},{\"@type\":\"WebPage\",\"@id\":\"https:\/\/www.santarosa.gob.ec\/web\/2026\/01\/15\/alcalde-larry-vite-impulsa-obras-a-traves-de-administracion-directa-y-mingas-comunitarias\/\",\"url\":\"https:\/\/www.santarosa.gob.ec\/web\/2026\/01\/15\/alcalde-larry-vite-impulsa-obras-a-traves-de-administracion-directa-y-mingas-comunitarias\/\",\"name\":\"Alcalde Larry Vite impulsa obras a trav\u00e9s de administraci\u00f3n directa y mingas comunitarias - GAD Municipal del Cant\u00f3n Santa Rosa\",\"isPartOf\":{\"@id\":\"https:\/\/www.santarosa.gob.ec\/web\/#website\"},\"primaryImageOfPage\":{\"@id\":\"https:\/\/www.santarosa.gob.ec\/web\/2026\/01\/15\/alcalde-larry-vite-impulsa-obras-a-traves-de-administracion-directa-y-mingas-comunitarias\/#primaryimage\"},\"image\":{\"@id\":\"https:\/\/www.santarosa.gob.ec\/web\/2026\/01\/15\/alcalde-larry-vite-impulsa-obras-a-traves-de-administracion-directa-y-mingas-comunitarias\/#primaryimage\"},\"thumbnailUrl\":\"https:\/\/www.santarosa.gob.ec\/web\/wp-content\/uploads\/2026\/01\/WhatsApp-Image-2026-01-12-at-5.03.26-PM.jpeg\",\"datePublished\":\"2026-01-15T16:18:30+00:00\",\"author\":{\"@id\":\"https:\/\/www.santarosa.gob.ec\/web\/#\/schema\/person\/54fea9dc046e5de331b8c1b967303085\"},\"breadcrumb\":{\"@id\":\"https:\/\/www.santarosa.gob.ec\/web\/2026\/01\/15\/alcalde-larry-vite-impulsa-obras-a-traves-de-administracion-directa-y-mingas-comunitarias\/#breadcrumb\"},\"inLanguage\":\"es\",\"potentialAction\":[{\"@type\":\"ReadAction\",\"target\":[\"https:\/\/www.santarosa.gob.ec\/web\/2026\/01\/15\/alcalde-larry-vite-impulsa-obras-a-traves-de-administracion-directa-y-mingas-comunitarias\/\"]}]},{\"@type\":\"ImageObject\",\"inLanguage\":\"es\",\"@id\":\"https:\/\/www.santarosa.gob.ec\/web\/2026\/01\/15\/alcalde-larry-vite-impulsa-obras-a-traves-de-administracion-directa-y-mingas-comunitarias\/#primaryimage\",\"url\":\"https:\/\/www.santarosa.gob.ec\/web\/wp-content\/uploads\/2026\/01\/WhatsApp-Image-2026-01-12-at-5.03.26-PM.jpeg\",\"contentUrl\":\"https:\/\/www.santarosa.gob.ec\/web\/wp-content\/uploads\/2026\/01\/WhatsApp-Image-2026-01-12-at-5.03.26-PM.jpeg\",\"width\":1280,\"height\":720},{\"@type\":\"BreadcrumbList\",\"@id\":\"https:\/\/www.santarosa.gob.ec\/web\/2026\/01\/15\/alcalde-larry-vite-impulsa-obras-a-traves-de-administracion-directa-y-mingas-comunitarias\/#breadcrumb\",\"itemListElement\":[{\"@type\":\"ListItem\",\"position\":1,\"name\":\"Portada\",\"item\":\"https:\/\/www.santarosa.gob.ec\/web\/\"},{\"@type\":\"ListItem\",\"position\":2,\"name\":\"Alcalde Larry Vite impulsa obras a trav\u00e9s de administraci\u00f3n directa y mingas comunitarias\"}]},{\"@type\":\"WebSite\",\"@id\":\"https:\/\/www.santarosa.gob.ec\/web\/#website\",\"url\":\"https:\/\/www.santarosa.gob.ec\/web\/\",\"name\":\"GAD Municipal del Cant\u00f3n Santa Rosa\",\"description\":\"\",\"potentialAction\":[{\"@type\":\"SearchAction\",\"target\":{\"@type\":\"EntryPoint\",\"urlTemplate\":\"https:\/\/www.santarosa.gob.ec\/web\/?s={search_term_string}\"},\"query-input\":{\"@type\":\"PropertyValueSpecification\",\"valueRequired\":true,\"valueName\":\"search_term_string\"}}],\"inLanguage\":\"es\"},{\"@type\":\"Person\",\"@id\":\"https:\/\/www.santarosa.gob.ec\/web\/#\/schema\/person\/54fea9dc046e5de331b8c1b967303085\",\"name\":\"Tefi\",\"image\":{\"@type\":\"ImageObject\",\"inLanguage\":\"es\",\"@id\":\"https:\/\/www.santarosa.gob.ec\/web\/#\/schema\/person\/image\/\",\"url\":\"https:\/\/secure.gravatar.com\/avatar\/bf8b22ea88e2f5bb54ee0fab29c1c9fe725323f01d47d3166909a28783019cfa?s=96&d=mm&r=g\",\"contentUrl\":\"https:\/\/secure.gravatar.com\/avatar\/bf8b22ea88e2f5bb54ee0fab29c1c9fe725323f01d47d3166909a28783019cfa?s=96&d=mm&r=g\",\"caption\":\"Tefi\"},\"url\":\"https:\/\/www.santarosa.gob.ec\/web\/author\/comunicacion\/\"}]}<\/script>\n<!-- \/ Yoast SEO plugin. -->","yoast_head_json":{"title":"Alcalde Larry Vite impulsa obras a trav\u00e9s de administraci\u00f3n directa y mingas comunitarias - GAD Municipal del Cant\u00f3n Santa Rosa","robots":{"index":"index","follow":"follow","max-snippet":"max-snippet:-1","max-image-preview":"max-image-preview:large","max-video-preview":"max-video-preview:-1"},"canonical":"https:\/\/www.santarosa.gob.ec\/web\/2026\/01\/15\/alcalde-larry-vite-impulsa-obras-a-traves-de-administracion-directa-y-mingas-comunitarias\/","og_locale":"es_ES","og_type":"article","og_title":"Alcalde Larry Vite impulsa obras a trav\u00e9s de administraci\u00f3n directa y mingas comunitarias - GAD Municipal del Cant\u00f3n Santa Rosa","og_description":"Se construyen 3 Centros de Desarrollo Familiar m\u00e1s para Santa Rosa Con un firme compromiso con el cuidado del medioambiente y el desarrollo comunitario, el alcalde Larry Vite impulsa importantes obras municipales mediante el sistema de administraci\u00f3n directa y mingas&hellip;","og_url":"https:\/\/www.santarosa.gob.ec\/web\/2026\/01\/15\/alcalde-larry-vite-impulsa-obras-a-traves-de-administracion-directa-y-mingas-comunitarias\/","og_site_name":"GAD Municipal del Cant\u00f3n Santa Rosa","article_published_time":"2026-01-15T16:18:30+00:00","og_image":[{"width":1280,"height":720,"url":"https:\/\/www.santarosa.gob.ec\/web\/wp-content\/uploads\/2026\/01\/WhatsApp-Image-2026-01-12-at-5.03.26-PM.jpeg","type":"image\/jpeg"}],"author":"Tefi","twitter_card":"summary_large_image","twitter_misc":{"Escrito por":"Tefi","Tiempo de lectura":"2 minutos"},"schema":{"@context":"https:\/\/schema.org","@graph":[{"@type":"Article","@id":"https:\/\/www.santarosa.gob.ec\/web\/2026\/01\/15\/alcalde-larry-vite-impulsa-obras-a-traves-de-administracion-directa-y-mingas-comunitarias\/#article","isPartOf":{"@id":"https:\/\/www.santarosa.gob.ec\/web\/2026\/01\/15\/alcalde-larry-vite-impulsa-obras-a-traves-de-administracion-directa-y-mingas-comunitarias\/"},"author":{"name":"Tefi","@id":"https:\/\/www.santarosa.gob.ec\/web\/#\/schema\/person\/54fea9dc046e5de331b8c1b967303085"},"headline":"Alcalde Larry Vite impulsa obras a trav\u00e9s de administraci\u00f3n directa y mingas comunitarias","datePublished":"2026-01-15T16:18:30+00:00","mainEntityOfPage":{"@id":"https:\/\/www.santarosa.gob.ec\/web\/2026\/01\/15\/alcalde-larry-vite-impulsa-obras-a-traves-de-administracion-directa-y-mingas-comunitarias\/"},"wordCount":315,"image":{"@id":"https:\/\/www.santarosa.gob.ec\/web\/2026\/01\/15\/alcalde-larry-vite-impulsa-obras-a-traves-de-administracion-directa-y-mingas-comunitarias\/#primaryimage"},"thumbnailUrl":"https:\/\/www.santarosa.gob.ec\/web\/wp-content\/uploads\/2026\/01\/WhatsApp-Image-2026-01-12-at-5.03.26-PM.jpeg","articleSection":["Noticias"],"inLanguage":"es"},{"@type":"WebPage","@id":"https:\/\/www.santarosa.gob.ec\/web\/2026\/01\/15\/alcalde-larry-vite-impulsa-obras-a-traves-de-administracion-directa-y-mingas-comunitarias\/","url":"https:\/\/www.santarosa.gob.ec\/web\/2026\/01\/15\/alcalde-larry-vite-impulsa-obras-a-traves-de-administracion-directa-y-mingas-comunitarias\/","name":"Alcalde Larry Vite impulsa obras a trav\u00e9s de administraci\u00f3n directa y mingas comunitarias - GAD Municipal del Cant\u00f3n Santa Rosa","isPartOf":{"@id":"https:\/\/www.santarosa.gob.ec\/web\/#website"},"primaryImageOfPage":{"@id":"https:\/\/www.santarosa.gob.ec\/web\/2026\/01\/15\/alcalde-larry-vite-impulsa-obras-a-traves-de-administracion-directa-y-mingas-comunitarias\/#primaryimage"},"image":{"@id":"https:\/\/www.santarosa.gob.ec\/web\/2026\/01\/15\/alcalde-larry-vite-impulsa-obras-a-traves-de-administracion-directa-y-mingas-comunitarias\/#primaryimage"},"thumbnailUrl":"https:\/\/www.santarosa.gob.ec\/web\/wp-content\/uploads\/2026\/01\/WhatsApp-Image-2026-01-12-at-5.03.26-PM.jpeg","datePublished":"2026-01-15T16:18:30+00:00","author":{"@id":"https:\/\/www.santarosa.gob.ec\/web\/#\/schema\/person\/54fea9dc046e5de331b8c1b967303085"},"breadcrumb":{"@id":"https:\/\/www.santarosa.gob.ec\/web\/2026\/01\/15\/alcalde-larry-vite-impulsa-obras-a-traves-de-administracion-directa-y-mingas-comunitarias\/#breadcrumb"},"inLanguage":"es","potentialAction":[{"@type":"ReadAction","target":["https:\/\/www.santarosa.gob.ec\/web\/2026\/01\/15\/alcalde-larry-vite-impulsa-obras-a-traves-de-administracion-directa-y-mingas-comunitarias\/"]}]},{"@type":"ImageObject","inLanguage":"es","@id":"https:\/\/www.santarosa.gob.ec\/web\/2026\/01\/15\/alcalde-larry-vite-impulsa-obras-a-traves-de-administracion-directa-y-mingas-comunitarias\/#primaryimage","url":"https:\/\/www.santarosa.gob.ec\/web\/wp-content\/uploads\/2026\/01\/WhatsApp-Image-2026-01-12-at-5.03.26-PM.jpeg","contentUrl":"https:\/\/www.santarosa.gob.ec\/web\/wp-content\/uploads\/2026\/01\/WhatsApp-Image-2026-01-12-at-5.03.26-PM.jpeg","width":1280,"height":720},{"@type":"BreadcrumbList","@id":"https:\/\/www.santarosa.gob.ec\/web\/2026\/01\/15\/alcalde-larry-vite-impulsa-obras-a-traves-de-administracion-directa-y-mingas-comunitarias\/#breadcrumb","itemListElement":[{"@type":"ListItem","position":1,"name":"Portada","item":"https:\/\/www.santarosa.gob.ec\/web\/"},{"@type":"ListItem","position":2,"name":"Alcalde Larry Vite impulsa obras a trav\u00e9s de administraci\u00f3n directa y mingas comunitarias"}]},{"@type":"WebSite","@id":"https:\/\/www.santarosa.gob.ec\/web\/#website","url":"https:\/\/www.santarosa.gob.ec\/web\/","name":"GAD Municipal del Cant\u00f3n Santa Rosa","description":"","potentialAction":[{"@type":"SearchAction","target":{"@type":"EntryPoint","urlTemplate":"https:\/\/www.santarosa.gob.ec\/web\/?s={search_term_string}"},"query-input":{"@type":"PropertyValueSpecification","valueRequired":true,"valueName":"search_term_string"}}],"inLanguage":"es"},{"@type":"Person","@id":"https:\/\/www.santarosa.gob.ec\/web\/#\/schema\/person\/54fea9dc046e5de331b8c1b967303085","name":"Tefi","image":{"@type":"ImageObject","inLanguage":"es","@id":"https:\/\/www.santarosa.gob.ec\/web\/#\/schema\/person\/image\/","url":"https:\/\/secure.gravatar.com\/avatar\/bf8b22ea88e2f5bb54ee0fab29c1c9fe725323f01d47d3166909a28783019cfa?s=96&d=mm&r=g","contentUrl":"https:\/\/secure.gravatar.com\/avatar\/bf8b22ea88e2f5bb54ee0fab29c1c9fe725323f01d47d3166909a28783019cfa?s=96&d=mm&r=g","caption":"Tefi"},"url":"https:\/\/www.santarosa.gob.ec\/web\/author\/comunicacion\/"}]}},"_links":{"self":[{"href":"https:\/\/www.santarosa.gob.ec\/web\/wp-json\/wp\/v2\/posts\/13477","targetHints":{"allow":["GET"]}}],"collection":[{"href":"https:\/\/www.santarosa.gob.ec\/web\/wp-json\/wp\/v2\/posts"}],"about":[{"href":"https:\/\/www.santarosa.gob.ec\/web\/wp-json\/wp\/v2\/types\/post"}],"author":[{"embeddable":true,"href":"https:\/\/www.santarosa.gob.ec\/web\/wp-json\/wp\/v2\/users\/990002"}],"replies":[{"embeddable":true,"href":"https:\/\/www.santarosa.gob.ec\/web\/wp-json\/wp\/v2\/comments?post=13477"}],"version-history":[{"count":0,"href":"https:\/\/www.santarosa.gob.ec\/web\/wp-json\/wp\/v2\/posts\/13477\/revisions"}],"wp:featuredmedia":[{"embeddable":true,"href":"https:\/\/www.santarosa.gob.ec\/web\/wp-json\/wp\/v2\/media\/13478"}],"wp:attachment":[{"href":"https:\/\/www.santarosa.gob.ec\/web\/wp-json\/wp\/v2\/media?parent=13477"}],"wp:term":[{"taxonomy":"category","embeddable":true,"href":"https:\/\/www.santarosa.gob.ec\/web\/wp-json\/wp\/v2\/categories?post=13477"},{"taxonomy":"post_tag","embeddable":true,"href":"https:\/\/www.santarosa.gob.ec\/web\/wp-json\/wp\/v2\/tags?post=13477"}],"curies":[{"name":"wp","href":"https:\/\/api.w.org\/{rel}","templated":true}]}}