{"id":13473,"date":"2026-01-15T11:06:15","date_gmt":"2026-01-15T16:06:15","guid":{"rendered":"https:\/\/www.santarosa.gob.ec\/web\/?p=13473"},"modified":"2026-01-15T11:06:15","modified_gmt":"2026-01-15T16:06:15","slug":"acciones-que-salvan-vidas-ambulancia-adquirida-por-el-alcalde-larry-vite-asistio-a-nina-de-9-meses-para-ser-trasladada-a-una-operacion-de-emergencia","status":"publish","type":"post","link":"https:\/\/www.santarosa.gob.ec\/web\/2026\/01\/15\/acciones-que-salvan-vidas-ambulancia-adquirida-por-el-alcalde-larry-vite-asistio-a-nina-de-9-meses-para-ser-trasladada-a-una-operacion-de-emergencia\/","title":{"rendered":"Acciones que salvan vidas: ambulancia adquirida por el alcalde Larry Vite asisti\u00f3 a ni\u00f1a de 9 meses para ser trasladada a una operaci\u00f3n de emergencia"},"content":{"rendered":"<p><img loading=\"lazy\" decoding=\"async\" class=\" wp-image-13474 aligncenter\" src=\"http:\/\/www.santarosa.gob.ec\/web\/wp-content\/uploads\/2026\/01\/WhatsApp-Image-2026-01-09-at-5.43.19-PM-300x225.jpeg\" alt=\"\" width=\"416\" height=\"312\" srcset=\"https:\/\/www.santarosa.gob.ec\/web\/wp-content\/uploads\/2026\/01\/WhatsApp-Image-2026-01-09-at-5.43.19-PM-300x225.jpeg 300w, https:\/\/www.santarosa.gob.ec\/web\/wp-content\/uploads\/2026\/01\/WhatsApp-Image-2026-01-09-at-5.43.19-PM-1024x768.jpeg 1024w, https:\/\/www.santarosa.gob.ec\/web\/wp-content\/uploads\/2026\/01\/WhatsApp-Image-2026-01-09-at-5.43.19-PM-768x576.jpeg 768w, https:\/\/www.santarosa.gob.ec\/web\/wp-content\/uploads\/2026\/01\/WhatsApp-Image-2026-01-09-at-5.43.19-PM-370x278.jpeg 370w, https:\/\/www.santarosa.gob.ec\/web\/wp-content\/uploads\/2026\/01\/WhatsApp-Image-2026-01-09-at-5.43.19-PM-760x570.jpeg 760w, https:\/\/www.santarosa.gob.ec\/web\/wp-content\/uploads\/2026\/01\/WhatsApp-Image-2026-01-09-at-5.43.19-PM.jpeg 1280w\" sizes=\"auto, (max-width: 416px) 100vw, 416px\" \/><\/p>\n<p style=\"text-align: justify;\">Una llamada de una madre desesperada por trasladar a su peque\u00f1a hija de solo 9 meses de edad alert\u00f3 de inmediato al Cuerpo de Bomberos del cant\u00f3n, quienes prestaron de manera inmediata su contingente para movilizar a la madre y a la ni\u00f1a hasta la ciudad de Guayaquil, al Hospital Icaza Bustamante, para realizarse una cirug\u00eda de emergencia, debido a su diagn\u00f3stico de ileostom\u00eda.<\/p>\n<p style=\"text-align: justify;\">Ellas residen en Arenillas y, ante la falta de este servicio, se realizaron las coordinaciones interinstitucionales para el traslado oportuno, priorizando la salud y la vida de la menor.<\/p>\n<p style=\"text-align: justify;\">El alcalde, por su parte, expres\u00f3 su solidaridad con la familia y augur\u00f3 que la cirug\u00eda sea exitosa, destacando que las emergencias se presentan en cualquier momento, y ah\u00ed radica la importancia de contar con equipos, personal y toda la implementaci\u00f3n que permita brindar ayuda a las familias.<\/p>\n<p style=\"text-align: justify;\">\u201cLa ambulancia que traslad\u00f3 a la familia es Ry@n C@stro, unidad que esta administraci\u00f3n adquiri\u00f3\u201d, afirm\u00f3 el alcalde.<\/p>\n<p style=\"text-align: justify;\">Esta administraci\u00f3n municipal ha priorizado la inversi\u00f3n de recursos en ambulancias que hist\u00f3ricamente han salvado vidas. Actualmente, el cant\u00f3n Santa Rosa cuenta con cuatro ambulancias operativas del Benem\u00e9rito Cuerpo de Bomberos, destinadas a la atenci\u00f3n de emergencias.<\/p>\n<p style=\"text-align: justify;\">\u201cMientras exista la posibilidad de ayudar, la mano solidaria se extender\u00e1 a toda nuestra familia grande\u201d, enfatiz\u00f3 Larry.<\/p>\n","protected":false},"excerpt":{"rendered":"<p>Una llamada de una madre desesperada por trasladar a su peque\u00f1a hija de solo 9 meses de edad alert\u00f3 de inmediato al Cuerpo de Bomberos del cant\u00f3n, quienes prestaron de manera inmediata su contingente para movilizar a la madre y&hellip;<\/p>\n","protected":false},"author":990002,"featured_media":13474,"comment_status":"closed","ping_status":"open","sticky":false,"template":"","format":"standard","meta":{"footnotes":""},"categories":[35],"tags":[],"class_list":["post-13473","post","type-post","status-publish","format-standard","has-post-thumbnail","hentry","category-noticias"],"yoast_head":"<!-- This site is optimized with the Yoast SEO plugin v26.8 - https:\/\/yoast.com\/product\/yoast-seo-wordpress\/ -->\n<title>Acciones que salvan vidas: ambulancia adquirida por el alcalde Larry Vite asisti\u00f3 a ni\u00f1a de 9 meses para ser trasladada a una operaci\u00f3n de emergencia - GAD Municipal del Cant\u00f3n Santa Rosa<\/title>\n<meta name=\"robots\" content=\"index, follow, max-snippet:-1, max-image-preview:large, max-video-preview:-1\" \/>\n<link rel=\"canonical\" href=\"https:\/\/www.santarosa.gob.ec\/web\/2026\/01\/15\/acciones-que-salvan-vidas-ambulancia-adquirida-por-el-alcalde-larry-vite-asistio-a-nina-de-9-meses-para-ser-trasladada-a-una-operacion-de-emergencia\/\" \/>\n<meta property=\"og:locale\" content=\"es_ES\" \/>\n<meta property=\"og:type\" content=\"article\" \/>\n<meta property=\"og:title\" content=\"Acciones que salvan vidas: ambulancia adquirida por el alcalde Larry Vite asisti\u00f3 a ni\u00f1a de 9 meses para ser trasladada a una operaci\u00f3n de emergencia - GAD Municipal del Cant\u00f3n Santa Rosa\" \/>\n<meta property=\"og:description\" content=\"Una llamada de una madre desesperada por trasladar a su peque\u00f1a hija de solo 9 meses de edad alert\u00f3 de inmediato al Cuerpo de Bomberos del cant\u00f3n, quienes prestaron de manera inmediata su contingente para movilizar a la madre y&hellip;\" \/>\n<meta property=\"og:url\" content=\"https:\/\/www.santarosa.gob.ec\/web\/2026\/01\/15\/acciones-que-salvan-vidas-ambulancia-adquirida-por-el-alcalde-larry-vite-asistio-a-nina-de-9-meses-para-ser-trasladada-a-una-operacion-de-emergencia\/\" \/>\n<meta property=\"og:site_name\" content=\"GAD Municipal del Cant\u00f3n Santa Rosa\" \/>\n<meta property=\"article:published_time\" content=\"2026-01-15T16:06:15+00:00\" \/>\n<meta property=\"og:image\" content=\"https:\/\/www.santarosa.gob.ec\/web\/wp-content\/uploads\/2026\/01\/WhatsApp-Image-2026-01-09-at-5.43.19-PM.jpeg\" \/>\n\t<meta property=\"og:image:width\" content=\"1280\" \/>\n\t<meta property=\"og:image:height\" content=\"960\" \/>\n\t<meta property=\"og:image:type\" content=\"image\/jpeg\" \/>\n<meta name=\"author\" content=\"Tefi\" \/>\n<meta name=\"twitter:card\" content=\"summary_large_image\" \/>\n<meta name=\"twitter:label1\" content=\"Escrito por\" \/>\n\t<meta name=\"twitter:data1\" content=\"Tefi\" \/>\n\t<meta name=\"twitter:label2\" content=\"Tiempo de lectura\" \/>\n\t<meta name=\"twitter:data2\" content=\"1 minuto\" \/>\n<script type=\"application\/ld+json\" class=\"yoast-schema-graph\">{\"@context\":\"https:\/\/schema.org\",\"@graph\":[{\"@type\":\"Article\",\"@id\":\"https:\/\/www.santarosa.gob.ec\/web\/2026\/01\/15\/acciones-que-salvan-vidas-ambulancia-adquirida-por-el-alcalde-larry-vite-asistio-a-nina-de-9-meses-para-ser-trasladada-a-una-operacion-de-emergencia\/#article\",\"isPartOf\":{\"@id\":\"https:\/\/www.santarosa.gob.ec\/web\/2026\/01\/15\/acciones-que-salvan-vidas-ambulancia-adquirida-por-el-alcalde-larry-vite-asistio-a-nina-de-9-meses-para-ser-trasladada-a-una-operacion-de-emergencia\/\"},\"author\":{\"name\":\"Tefi\",\"@id\":\"https:\/\/www.santarosa.gob.ec\/web\/#\/schema\/person\/54fea9dc046e5de331b8c1b967303085\"},\"headline\":\"Acciones que salvan vidas: ambulancia adquirida por el alcalde Larry Vite asisti\u00f3 a ni\u00f1a de 9 meses para ser trasladada a una operaci\u00f3n de emergencia\",\"datePublished\":\"2026-01-15T16:06:15+00:00\",\"mainEntityOfPage\":{\"@id\":\"https:\/\/www.santarosa.gob.ec\/web\/2026\/01\/15\/acciones-que-salvan-vidas-ambulancia-adquirida-por-el-alcalde-larry-vite-asistio-a-nina-de-9-meses-para-ser-trasladada-a-una-operacion-de-emergencia\/\"},\"wordCount\":256,\"image\":{\"@id\":\"https:\/\/www.santarosa.gob.ec\/web\/2026\/01\/15\/acciones-que-salvan-vidas-ambulancia-adquirida-por-el-alcalde-larry-vite-asistio-a-nina-de-9-meses-para-ser-trasladada-a-una-operacion-de-emergencia\/#primaryimage\"},\"thumbnailUrl\":\"https:\/\/www.santarosa.gob.ec\/web\/wp-content\/uploads\/2026\/01\/WhatsApp-Image-2026-01-09-at-5.43.19-PM.jpeg\",\"articleSection\":[\"Noticias\"],\"inLanguage\":\"es\"},{\"@type\":\"WebPage\",\"@id\":\"https:\/\/www.santarosa.gob.ec\/web\/2026\/01\/15\/acciones-que-salvan-vidas-ambulancia-adquirida-por-el-alcalde-larry-vite-asistio-a-nina-de-9-meses-para-ser-trasladada-a-una-operacion-de-emergencia\/\",\"url\":\"https:\/\/www.santarosa.gob.ec\/web\/2026\/01\/15\/acciones-que-salvan-vidas-ambulancia-adquirida-por-el-alcalde-larry-vite-asistio-a-nina-de-9-meses-para-ser-trasladada-a-una-operacion-de-emergencia\/\",\"name\":\"Acciones que salvan vidas: ambulancia adquirida por el alcalde Larry Vite asisti\u00f3 a ni\u00f1a de 9 meses para ser trasladada a una operaci\u00f3n de emergencia - GAD Municipal del Cant\u00f3n Santa Rosa\",\"isPartOf\":{\"@id\":\"https:\/\/www.santarosa.gob.ec\/web\/#website\"},\"primaryImageOfPage\":{\"@id\":\"https:\/\/www.santarosa.gob.ec\/web\/2026\/01\/15\/acciones-que-salvan-vidas-ambulancia-adquirida-por-el-alcalde-larry-vite-asistio-a-nina-de-9-meses-para-ser-trasladada-a-una-operacion-de-emergencia\/#primaryimage\"},\"image\":{\"@id\":\"https:\/\/www.santarosa.gob.ec\/web\/2026\/01\/15\/acciones-que-salvan-vidas-ambulancia-adquirida-por-el-alcalde-larry-vite-asistio-a-nina-de-9-meses-para-ser-trasladada-a-una-operacion-de-emergencia\/#primaryimage\"},\"thumbnailUrl\":\"https:\/\/www.santarosa.gob.ec\/web\/wp-content\/uploads\/2026\/01\/WhatsApp-Image-2026-01-09-at-5.43.19-PM.jpeg\",\"datePublished\":\"2026-01-15T16:06:15+00:00\",\"author\":{\"@id\":\"https:\/\/www.santarosa.gob.ec\/web\/#\/schema\/person\/54fea9dc046e5de331b8c1b967303085\"},\"breadcrumb\":{\"@id\":\"https:\/\/www.santarosa.gob.ec\/web\/2026\/01\/15\/acciones-que-salvan-vidas-ambulancia-adquirida-por-el-alcalde-larry-vite-asistio-a-nina-de-9-meses-para-ser-trasladada-a-una-operacion-de-emergencia\/#breadcrumb\"},\"inLanguage\":\"es\",\"potentialAction\":[{\"@type\":\"ReadAction\",\"target\":[\"https:\/\/www.santarosa.gob.ec\/web\/2026\/01\/15\/acciones-que-salvan-vidas-ambulancia-adquirida-por-el-alcalde-larry-vite-asistio-a-nina-de-9-meses-para-ser-trasladada-a-una-operacion-de-emergencia\/\"]}]},{\"@type\":\"ImageObject\",\"inLanguage\":\"es\",\"@id\":\"https:\/\/www.santarosa.gob.ec\/web\/2026\/01\/15\/acciones-que-salvan-vidas-ambulancia-adquirida-por-el-alcalde-larry-vite-asistio-a-nina-de-9-meses-para-ser-trasladada-a-una-operacion-de-emergencia\/#primaryimage\",\"url\":\"https:\/\/www.santarosa.gob.ec\/web\/wp-content\/uploads\/2026\/01\/WhatsApp-Image-2026-01-09-at-5.43.19-PM.jpeg\",\"contentUrl\":\"https:\/\/www.santarosa.gob.ec\/web\/wp-content\/uploads\/2026\/01\/WhatsApp-Image-2026-01-09-at-5.43.19-PM.jpeg\",\"width\":1280,\"height\":960},{\"@type\":\"BreadcrumbList\",\"@id\":\"https:\/\/www.santarosa.gob.ec\/web\/2026\/01\/15\/acciones-que-salvan-vidas-ambulancia-adquirida-por-el-alcalde-larry-vite-asistio-a-nina-de-9-meses-para-ser-trasladada-a-una-operacion-de-emergencia\/#breadcrumb\",\"itemListElement\":[{\"@type\":\"ListItem\",\"position\":1,\"name\":\"Portada\",\"item\":\"https:\/\/www.santarosa.gob.ec\/web\/\"},{\"@type\":\"ListItem\",\"position\":2,\"name\":\"Acciones que salvan vidas: ambulancia adquirida por el alcalde Larry Vite asisti\u00f3 a ni\u00f1a de 9 meses para ser trasladada a una operaci\u00f3n de emergencia\"}]},{\"@type\":\"WebSite\",\"@id\":\"https:\/\/www.santarosa.gob.ec\/web\/#website\",\"url\":\"https:\/\/www.santarosa.gob.ec\/web\/\",\"name\":\"GAD Municipal del Cant\u00f3n Santa Rosa\",\"description\":\"\",\"potentialAction\":[{\"@type\":\"SearchAction\",\"target\":{\"@type\":\"EntryPoint\",\"urlTemplate\":\"https:\/\/www.santarosa.gob.ec\/web\/?s={search_term_string}\"},\"query-input\":{\"@type\":\"PropertyValueSpecification\",\"valueRequired\":true,\"valueName\":\"search_term_string\"}}],\"inLanguage\":\"es\"},{\"@type\":\"Person\",\"@id\":\"https:\/\/www.santarosa.gob.ec\/web\/#\/schema\/person\/54fea9dc046e5de331b8c1b967303085\",\"name\":\"Tefi\",\"image\":{\"@type\":\"ImageObject\",\"inLanguage\":\"es\",\"@id\":\"https:\/\/www.santarosa.gob.ec\/web\/#\/schema\/person\/image\/\",\"url\":\"https:\/\/secure.gravatar.com\/avatar\/bf8b22ea88e2f5bb54ee0fab29c1c9fe725323f01d47d3166909a28783019cfa?s=96&d=mm&r=g\",\"contentUrl\":\"https:\/\/secure.gravatar.com\/avatar\/bf8b22ea88e2f5bb54ee0fab29c1c9fe725323f01d47d3166909a28783019cfa?s=96&d=mm&r=g\",\"caption\":\"Tefi\"},\"url\":\"https:\/\/www.santarosa.gob.ec\/web\/author\/comunicacion\/\"}]}<\/script>\n<!-- \/ Yoast SEO plugin. -->","yoast_head_json":{"title":"Acciones que salvan vidas: ambulancia adquirida por el alcalde Larry Vite asisti\u00f3 a ni\u00f1a de 9 meses para ser trasladada a una operaci\u00f3n de emergencia - GAD Municipal del Cant\u00f3n Santa Rosa","robots":{"index":"index","follow":"follow","max-snippet":"max-snippet:-1","max-image-preview":"max-image-preview:large","max-video-preview":"max-video-preview:-1"},"canonical":"https:\/\/www.santarosa.gob.ec\/web\/2026\/01\/15\/acciones-que-salvan-vidas-ambulancia-adquirida-por-el-alcalde-larry-vite-asistio-a-nina-de-9-meses-para-ser-trasladada-a-una-operacion-de-emergencia\/","og_locale":"es_ES","og_type":"article","og_title":"Acciones que salvan vidas: ambulancia adquirida por el alcalde Larry Vite asisti\u00f3 a ni\u00f1a de 9 meses para ser trasladada a una operaci\u00f3n de emergencia - GAD Municipal del Cant\u00f3n Santa Rosa","og_description":"Una llamada de una madre desesperada por trasladar a su peque\u00f1a hija de solo 9 meses de edad alert\u00f3 de inmediato al Cuerpo de Bomberos del cant\u00f3n, quienes prestaron de manera inmediata su contingente para movilizar a la madre y&hellip;","og_url":"https:\/\/www.santarosa.gob.ec\/web\/2026\/01\/15\/acciones-que-salvan-vidas-ambulancia-adquirida-por-el-alcalde-larry-vite-asistio-a-nina-de-9-meses-para-ser-trasladada-a-una-operacion-de-emergencia\/","og_site_name":"GAD Municipal del Cant\u00f3n Santa Rosa","article_published_time":"2026-01-15T16:06:15+00:00","og_image":[{"width":1280,"height":960,"url":"https:\/\/www.santarosa.gob.ec\/web\/wp-content\/uploads\/2026\/01\/WhatsApp-Image-2026-01-09-at-5.43.19-PM.jpeg","type":"image\/jpeg"}],"author":"Tefi","twitter_card":"summary_large_image","twitter_misc":{"Escrito por":"Tefi","Tiempo de lectura":"1 minuto"},"schema":{"@context":"https:\/\/schema.org","@graph":[{"@type":"Article","@id":"https:\/\/www.santarosa.gob.ec\/web\/2026\/01\/15\/acciones-que-salvan-vidas-ambulancia-adquirida-por-el-alcalde-larry-vite-asistio-a-nina-de-9-meses-para-ser-trasladada-a-una-operacion-de-emergencia\/#article","isPartOf":{"@id":"https:\/\/www.santarosa.gob.ec\/web\/2026\/01\/15\/acciones-que-salvan-vidas-ambulancia-adquirida-por-el-alcalde-larry-vite-asistio-a-nina-de-9-meses-para-ser-trasladada-a-una-operacion-de-emergencia\/"},"author":{"name":"Tefi","@id":"https:\/\/www.santarosa.gob.ec\/web\/#\/schema\/person\/54fea9dc046e5de331b8c1b967303085"},"headline":"Acciones que salvan vidas: ambulancia adquirida por el alcalde Larry Vite asisti\u00f3 a ni\u00f1a de 9 meses para ser trasladada a una operaci\u00f3n de emergencia","datePublished":"2026-01-15T16:06:15+00:00","mainEntityOfPage":{"@id":"https:\/\/www.santarosa.gob.ec\/web\/2026\/01\/15\/acciones-que-salvan-vidas-ambulancia-adquirida-por-el-alcalde-larry-vite-asistio-a-nina-de-9-meses-para-ser-trasladada-a-una-operacion-de-emergencia\/"},"wordCount":256,"image":{"@id":"https:\/\/www.santarosa.gob.ec\/web\/2026\/01\/15\/acciones-que-salvan-vidas-ambulancia-adquirida-por-el-alcalde-larry-vite-asistio-a-nina-de-9-meses-para-ser-trasladada-a-una-operacion-de-emergencia\/#primaryimage"},"thumbnailUrl":"https:\/\/www.santarosa.gob.ec\/web\/wp-content\/uploads\/2026\/01\/WhatsApp-Image-2026-01-09-at-5.43.19-PM.jpeg","articleSection":["Noticias"],"inLanguage":"es"},{"@type":"WebPage","@id":"https:\/\/www.santarosa.gob.ec\/web\/2026\/01\/15\/acciones-que-salvan-vidas-ambulancia-adquirida-por-el-alcalde-larry-vite-asistio-a-nina-de-9-meses-para-ser-trasladada-a-una-operacion-de-emergencia\/","url":"https:\/\/www.santarosa.gob.ec\/web\/2026\/01\/15\/acciones-que-salvan-vidas-ambulancia-adquirida-por-el-alcalde-larry-vite-asistio-a-nina-de-9-meses-para-ser-trasladada-a-una-operacion-de-emergencia\/","name":"Acciones que salvan vidas: ambulancia adquirida por el alcalde Larry Vite asisti\u00f3 a ni\u00f1a de 9 meses para ser trasladada a una operaci\u00f3n de emergencia - GAD Municipal del Cant\u00f3n Santa Rosa","isPartOf":{"@id":"https:\/\/www.santarosa.gob.ec\/web\/#website"},"primaryImageOfPage":{"@id":"https:\/\/www.santarosa.gob.ec\/web\/2026\/01\/15\/acciones-que-salvan-vidas-ambulancia-adquirida-por-el-alcalde-larry-vite-asistio-a-nina-de-9-meses-para-ser-trasladada-a-una-operacion-de-emergencia\/#primaryimage"},"image":{"@id":"https:\/\/www.santarosa.gob.ec\/web\/2026\/01\/15\/acciones-que-salvan-vidas-ambulancia-adquirida-por-el-alcalde-larry-vite-asistio-a-nina-de-9-meses-para-ser-trasladada-a-una-operacion-de-emergencia\/#primaryimage"},"thumbnailUrl":"https:\/\/www.santarosa.gob.ec\/web\/wp-content\/uploads\/2026\/01\/WhatsApp-Image-2026-01-09-at-5.43.19-PM.jpeg","datePublished":"2026-01-15T16:06:15+00:00","author":{"@id":"https:\/\/www.santarosa.gob.ec\/web\/#\/schema\/person\/54fea9dc046e5de331b8c1b967303085"},"breadcrumb":{"@id":"https:\/\/www.santarosa.gob.ec\/web\/2026\/01\/15\/acciones-que-salvan-vidas-ambulancia-adquirida-por-el-alcalde-larry-vite-asistio-a-nina-de-9-meses-para-ser-trasladada-a-una-operacion-de-emergencia\/#breadcrumb"},"inLanguage":"es","potentialAction":[{"@type":"ReadAction","target":["https:\/\/www.santarosa.gob.ec\/web\/2026\/01\/15\/acciones-que-salvan-vidas-ambulancia-adquirida-por-el-alcalde-larry-vite-asistio-a-nina-de-9-meses-para-ser-trasladada-a-una-operacion-de-emergencia\/"]}]},{"@type":"ImageObject","inLanguage":"es","@id":"https:\/\/www.santarosa.gob.ec\/web\/2026\/01\/15\/acciones-que-salvan-vidas-ambulancia-adquirida-por-el-alcalde-larry-vite-asistio-a-nina-de-9-meses-para-ser-trasladada-a-una-operacion-de-emergencia\/#primaryimage","url":"https:\/\/www.santarosa.gob.ec\/web\/wp-content\/uploads\/2026\/01\/WhatsApp-Image-2026-01-09-at-5.43.19-PM.jpeg","contentUrl":"https:\/\/www.santarosa.gob.ec\/web\/wp-content\/uploads\/2026\/01\/WhatsApp-Image-2026-01-09-at-5.43.19-PM.jpeg","width":1280,"height":960},{"@type":"BreadcrumbList","@id":"https:\/\/www.santarosa.gob.ec\/web\/2026\/01\/15\/acciones-que-salvan-vidas-ambulancia-adquirida-por-el-alcalde-larry-vite-asistio-a-nina-de-9-meses-para-ser-trasladada-a-una-operacion-de-emergencia\/#breadcrumb","itemListElement":[{"@type":"ListItem","position":1,"name":"Portada","item":"https:\/\/www.santarosa.gob.ec\/web\/"},{"@type":"ListItem","position":2,"name":"Acciones que salvan vidas: ambulancia adquirida por el alcalde Larry Vite asisti\u00f3 a ni\u00f1a de 9 meses para ser trasladada a una operaci\u00f3n de emergencia"}]},{"@type":"WebSite","@id":"https:\/\/www.santarosa.gob.ec\/web\/#website","url":"https:\/\/www.santarosa.gob.ec\/web\/","name":"GAD Municipal del Cant\u00f3n Santa Rosa","description":"","potentialAction":[{"@type":"SearchAction","target":{"@type":"EntryPoint","urlTemplate":"https:\/\/www.santarosa.gob.ec\/web\/?s={search_term_string}"},"query-input":{"@type":"PropertyValueSpecification","valueRequired":true,"valueName":"search_term_string"}}],"inLanguage":"es"},{"@type":"Person","@id":"https:\/\/www.santarosa.gob.ec\/web\/#\/schema\/person\/54fea9dc046e5de331b8c1b967303085","name":"Tefi","image":{"@type":"ImageObject","inLanguage":"es","@id":"https:\/\/www.santarosa.gob.ec\/web\/#\/schema\/person\/image\/","url":"https:\/\/secure.gravatar.com\/avatar\/bf8b22ea88e2f5bb54ee0fab29c1c9fe725323f01d47d3166909a28783019cfa?s=96&d=mm&r=g","contentUrl":"https:\/\/secure.gravatar.com\/avatar\/bf8b22ea88e2f5bb54ee0fab29c1c9fe725323f01d47d3166909a28783019cfa?s=96&d=mm&r=g","caption":"Tefi"},"url":"https:\/\/www.santarosa.gob.ec\/web\/author\/comunicacion\/"}]}},"_links":{"self":[{"href":"https:\/\/www.santarosa.gob.ec\/web\/wp-json\/wp\/v2\/posts\/13473","targetHints":{"allow":["GET"]}}],"collection":[{"href":"https:\/\/www.santarosa.gob.ec\/web\/wp-json\/wp\/v2\/posts"}],"about":[{"href":"https:\/\/www.santarosa.gob.ec\/web\/wp-json\/wp\/v2\/types\/post"}],"author":[{"embeddable":true,"href":"https:\/\/www.santarosa.gob.ec\/web\/wp-json\/wp\/v2\/users\/990002"}],"replies":[{"embeddable":true,"href":"https:\/\/www.santarosa.gob.ec\/web\/wp-json\/wp\/v2\/comments?post=13473"}],"version-history":[{"count":0,"href":"https:\/\/www.santarosa.gob.ec\/web\/wp-json\/wp\/v2\/posts\/13473\/revisions"}],"wp:featuredmedia":[{"embeddable":true,"href":"https:\/\/www.santarosa.gob.ec\/web\/wp-json\/wp\/v2\/media\/13474"}],"wp:attachment":[{"href":"https:\/\/www.santarosa.gob.ec\/web\/wp-json\/wp\/v2\/media?parent=13473"}],"wp:term":[{"taxonomy":"category","embeddable":true,"href":"https:\/\/www.santarosa.gob.ec\/web\/wp-json\/wp\/v2\/categories?post=13473"},{"taxonomy":"post_tag","embeddable":true,"href":"https:\/\/www.santarosa.gob.ec\/web\/wp-json\/wp\/v2\/tags?post=13473"}],"curies":[{"name":"wp","href":"https:\/\/api.w.org\/{rel}","templated":true}]}}