{"id":13339,"date":"2025-12-29T13:10:03","date_gmt":"2025-12-29T18:10:03","guid":{"rendered":"https:\/\/www.santarosa.gob.ec\/web\/?p=13339"},"modified":"2025-12-29T13:10:03","modified_gmt":"2025-12-29T18:10:03","slug":"forskjellige-bruksomrder-for-sarotex-hos-apoteket-slvkronen","status":"publish","type":"post","link":"https:\/\/www.santarosa.gob.ec\/web\/2025\/12\/29\/forskjellige-bruksomrder-for-sarotex-hos-apoteket-slvkronen\/","title":{"rendered":"Forskjellige bruksomr\u00e5der for Sarotex hos Apoteket S\u00f8lvkronen"},"content":{"rendered":"<h2>Forskjellige bruksomr\u00e5der for Sarotex hos Apoteket S\u00f8lvkronen  <\/h2>\n<p>Sarotex er en medisin som ofte brukes i behandlingen av ulike tilstander, inkludert depresjon og kroniske smerter. Hos Apoteket S\u00f8lvkronen kan du <a href=\"https:\/\/www.apoteksolvkronen.com\/medisiner\/sarotex\">l\u00e6r mer om SaroTex virkning<\/a> og hvordan det kan v\u00e6re til nytte i ulike behandlingsforl\u00f8p.<\/p>\n<h2>Hva er Sarotex?<\/h2>\n<p>Sarotex, kjent som et trisyklisk antidepressivum, har en bred anvendelse i medisinsk behandling. Det p\u00e5virker kjemikaliene i hjernen som kan v\u00e6re i ubalanse ved depresjon og smerteforstyrrelser. Denne medisinen er ogs\u00e5 kjent for sin evne til \u00e5 lindre symptomer p\u00e5 nerve- eller muskelsmerter.<\/p>\n<h3>Terapeutisk bruk av Sarotex<\/h3>\n<p>Sarotex brukes hovedsakelig i behandlingen av f\u00f8lgende tilstander:<\/p>\n<ul>\n<li>Depresjon: Sarotex kan hjelpe med \u00e5 balansere kjemikaliene i hjernen, som kan gi en betydelig forbedring i hum\u00f8r og velv\u00e6re.<\/li>\n<li>Nerv\u00f8se og kroniske smerter: Medikamentet er ogs\u00e5 effektivt i \u00e5 redusere smerter for\u00e5rsaket av nerveskader og fibromyalgi.<\/li>\n<li>Angstlidelser: Sarotex har ogs\u00e5 en beroligende effekt som kan redusere angstniv\u00e5et hos enkelte pasienter.<\/li>\n<\/ul>\n<h2>Hvordan fungerer Sarotex?<\/h2>\n<p>Virkningsmekanismen til Sarotex er \u00e5 hemme gjenopptaket av nevrotransmittere som serotonin og noradrenalin. Dette forsterker effekten av disse stoffene i hjernen og kan bidra til \u00e5 korrigere kjemiske ubalanser, noe som ofte er grunnleggende ved depresjon og kroniske smerter.<\/p>\n<h2>Bivirkninger og forholdsregler<\/h2>\n<p>Som med mange medisiner, kan Sarotex for\u00e5rsake bivirkninger. De vanligste bivirkningene inkluderer munnt\u00f8rrhet, vekt\u00f8kning og tretthet. Det er viktig \u00e5 r\u00e5df\u00f8re seg med en lege f\u00f8r man begynner med behandlingen, spesielt for \u00e5 diskutere mulige interaksjoner med andre medisiner eller eksisterende helseproblemer.<\/p>\n<h3>Viktige forholdsregler<\/h3>\n<p>F\u00f8r forskrivning vil helsepersonell vurdere din medisinske historie og n\u00e5v\u00e6rende helsetilstand for \u00e5 sikre at Sarotex er riktig for deg. Pasienter m\u00e5 informeres om f\u00f8lgende:<\/p>\n<ul>\n<li>Aldri kombiner Sarotex med alkohol, da dette kan forsterke visse bivirkninger.<\/li>\n<li>Meld fra om eventuelle allergiske reaksjoner eller tidligere erfaringer med trisykliske antidepressiva.<\/li>\n<li>Unng\u00e5 \u00e5 avbryte behandlingen uten medisinsk r\u00e5d, da dette kan f\u00f8re til abstinenssymptomer.<\/li>\n<\/ul>\n<p><img decoding=\"async\" style=\"height: auto; float: left; margin:8px\" src=\"https:\/\/imagizer.imageshack.com\/img924\/2894\/KNiiox.jpg\" alt=\"Forskjellige bruksomr\u00e5der for Sarotex hos Apoteket S\u00f8lvkronen  \" width=\"100%\" height=\"auto\"><\/p>\n<h2>Dosering og behandlingsforl\u00f8p<\/h2>\n<p>Sarotex doseres individuelt basert p\u00e5 pasientens behov og respons p\u00e5 behandlingen. Det er viktig \u00e5 f\u00f8lge doseringsinstruksjonene gitt av helsepersonell for \u00e5 oppn\u00e5 optimal effekt og redusere risikoen for bivirkninger.<\/p>\n<h3>Typiske doseringsinstruksjoner<\/h3>\n<table>\n<tbody>\n<tr>\n<td>Tilstand<\/td>\n<td>Dosering (daglig mengde)<\/td>\n<td>Bemerkninger<\/td>\n<\/tr>\n<tr>\n<td>Depresjon<\/td>\n<td>25\u2013150 mg<\/td>\n<td>Tas vanligvis om kvelden<\/td>\n<\/tr>\n<tr>\n<td>Kroniske smerter<\/td>\n<td>10\u201375 mg<\/td>\n<td>Start med lave doser<\/td>\n<\/tr>\n<\/tbody>\n<\/table>\n<h2>FAQs om Sarotex<\/h2>\n<h3>1. Hva er hovedfordelene ved bruk av Sarotex?<\/h3>\n<p>Sarotex er effektivt for \u00e5 behandle depresjon, kroniske smerter og angstlidelser ved \u00e5 balansere nevrotransmitteraktiviteten i hjernen.<\/p>\n<h3>2. Kan Sarotex brukes sammen med andre medisiner?<\/h3>\n<p>Det er viktig \u00e5 konsultere med en helsepersonell f\u00f8r kombinering av Sarotex med andre medisiner, da det kan forekomme interaksjoner.<\/p>\n<h3>3. Hvilke bivirkninger kan oppst\u00e5 ved bruk av Sarotex?<\/h3>\n<p>De vanligste bivirkningene inkluderer munnt\u00f8rrhet, tretthet og vekt\u00f8kning. Kontakt lege dersom alvorlige bivirkninger oppst\u00e5r.<\/p>\n<h3>4. Er det trygt \u00e5 bruke Sarotex under graviditet eller amming?<\/h3>\n<p>Bruk av Sarotex under graviditet eller amming b\u00f8r diskuteres med en lege, da det kan v\u00e6re risiko for bivirkninger hos fosteret eller spedbarnet.<\/p>\n<h3>5. Hvor lang tid tar det f\u00f8r Sarotex viser effekt?<\/h3>\n<p>Effekten av Sarotex kan merkes etter noen uker, men det kan ta opptil seks uker for full terapeutisk effekt.<\/p>\n<h3>6. Kan Sarotex medf\u00f8re avhengighet?<\/h3>\n<p>Sarotex er ikke kjent for \u00e5 v\u00e6re avhengighetsskapende, men plutselig avbrudd uten legekontakt kan medf\u00f8re abstinenssymptomer.<\/p>\n<h3>7. Hvordan b\u00f8r jeg lagre Sarotex?<\/h3>\n<p>Oppbevar Sarotex ved romtemperatur, beskyttet mot fuktighet og utenfor rekkevidde for barn.<\/p>\n<p>For individuell veiledning og ytterligere informasjon om Sarotex, anbefales det \u00e5 konsultere med helsepersonell hos Apoteket S\u00f8lvkronen.<\/p>\n","protected":false},"excerpt":{"rendered":"<p>Explore diverse uses of Sarotex at Apoteket S\u00f8lvkronen, from pain relief to mental health support.<\/p>\n","protected":false},"author":990006,"featured_media":0,"comment_status":"open","ping_status":"open","sticky":true,"template":"","format":"chat","meta":{"footnotes":""},"categories":[531],"tags":[],"class_list":["post-13339","post","type-post","status-publish","format-chat","hentry","category-531","post_format-post-format-chat"],"yoast_head":"<!-- This site is optimized with the Yoast SEO plugin v26.8 - https:\/\/yoast.com\/product\/yoast-seo-wordpress\/ -->\n<title>Forskjellige bruksomr\u00e5der for Sarotex hos Apoteket S\u00f8lvkronen - GAD Municipal del Cant\u00f3n Santa Rosa<\/title>\n<meta name=\"robots\" content=\"index, follow, max-snippet:-1, max-image-preview:large, max-video-preview:-1\" \/>\n<link rel=\"canonical\" href=\"https:\/\/www.santarosa.gob.ec\/web\/2025\/12\/29\/forskjellige-bruksomrder-for-sarotex-hos-apoteket-slvkronen\/\" \/>\n<meta property=\"og:locale\" content=\"es_ES\" \/>\n<meta property=\"og:type\" content=\"article\" \/>\n<meta property=\"og:title\" content=\"Forskjellige bruksomr\u00e5der for Sarotex hos Apoteket S\u00f8lvkronen - GAD Municipal del Cant\u00f3n Santa Rosa\" \/>\n<meta property=\"og:description\" content=\"Explore diverse uses of Sarotex at Apoteket S\u00f8lvkronen, from pain relief to mental health support.\" \/>\n<meta property=\"og:url\" content=\"https:\/\/www.santarosa.gob.ec\/web\/2025\/12\/29\/forskjellige-bruksomrder-for-sarotex-hos-apoteket-slvkronen\/\" \/>\n<meta property=\"og:site_name\" content=\"GAD Municipal del Cant\u00f3n Santa Rosa\" \/>\n<meta property=\"article:published_time\" content=\"2025-12-29T18:10:03+00:00\" \/>\n<meta property=\"og:image\" content=\"https:\/\/imagizer.imageshack.com\/img924\/2894\/KNiiox.jpg\" \/>\n<meta name=\"author\" content=\"Cristhian Arevalo\" \/>\n<meta name=\"twitter:card\" content=\"summary_large_image\" \/>\n<meta name=\"twitter:label1\" content=\"Escrito por\" \/>\n\t<meta name=\"twitter:data1\" content=\"Cristhian Arevalo\" \/>\n\t<meta name=\"twitter:label2\" content=\"Tiempo de lectura\" \/>\n\t<meta name=\"twitter:data2\" content=\"3 minutos\" \/>\n<script type=\"application\/ld+json\" class=\"yoast-schema-graph\">{\"@context\":\"https:\/\/schema.org\",\"@graph\":[{\"@type\":\"Article\",\"@id\":\"https:\/\/www.santarosa.gob.ec\/web\/2025\/12\/29\/forskjellige-bruksomrder-for-sarotex-hos-apoteket-slvkronen\/#article\",\"isPartOf\":{\"@id\":\"https:\/\/www.santarosa.gob.ec\/web\/2025\/12\/29\/forskjellige-bruksomrder-for-sarotex-hos-apoteket-slvkronen\/\"},\"author\":{\"name\":\"Cristhian Arevalo\",\"@id\":\"https:\/\/www.santarosa.gob.ec\/web\/#\/schema\/person\/9f113303e08408eceab9d70d7602f321\"},\"headline\":\"Forskjellige bruksomr\u00e5der for Sarotex hos Apoteket S\u00f8lvkronen\",\"datePublished\":\"2025-12-29T18:10:03+00:00\",\"mainEntityOfPage\":{\"@id\":\"https:\/\/www.santarosa.gob.ec\/web\/2025\/12\/29\/forskjellige-bruksomrder-for-sarotex-hos-apoteket-slvkronen\/\"},\"wordCount\":579,\"commentCount\":0,\"image\":{\"@id\":\"https:\/\/www.santarosa.gob.ec\/web\/2025\/12\/29\/forskjellige-bruksomrder-for-sarotex-hos-apoteket-slvkronen\/#primaryimage\"},\"thumbnailUrl\":\"https:\/\/imagizer.imageshack.com\/img924\/2894\/KNiiox.jpg\",\"articleSection\":[\"\u30d9\u30e9\u30b8\u30e7\u30f3\u30ab\u30b8\u30ce\"],\"inLanguage\":\"es\",\"potentialAction\":[{\"@type\":\"CommentAction\",\"name\":\"Comment\",\"target\":[\"https:\/\/www.santarosa.gob.ec\/web\/2025\/12\/29\/forskjellige-bruksomrder-for-sarotex-hos-apoteket-slvkronen\/#respond\"]}]},{\"@type\":\"WebPage\",\"@id\":\"https:\/\/www.santarosa.gob.ec\/web\/2025\/12\/29\/forskjellige-bruksomrder-for-sarotex-hos-apoteket-slvkronen\/\",\"url\":\"https:\/\/www.santarosa.gob.ec\/web\/2025\/12\/29\/forskjellige-bruksomrder-for-sarotex-hos-apoteket-slvkronen\/\",\"name\":\"Forskjellige bruksomr\u00e5der for Sarotex hos Apoteket S\u00f8lvkronen - GAD Municipal del Cant\u00f3n Santa Rosa\",\"isPartOf\":{\"@id\":\"https:\/\/www.santarosa.gob.ec\/web\/#website\"},\"primaryImageOfPage\":{\"@id\":\"https:\/\/www.santarosa.gob.ec\/web\/2025\/12\/29\/forskjellige-bruksomrder-for-sarotex-hos-apoteket-slvkronen\/#primaryimage\"},\"image\":{\"@id\":\"https:\/\/www.santarosa.gob.ec\/web\/2025\/12\/29\/forskjellige-bruksomrder-for-sarotex-hos-apoteket-slvkronen\/#primaryimage\"},\"thumbnailUrl\":\"https:\/\/imagizer.imageshack.com\/img924\/2894\/KNiiox.jpg\",\"datePublished\":\"2025-12-29T18:10:03+00:00\",\"author\":{\"@id\":\"https:\/\/www.santarosa.gob.ec\/web\/#\/schema\/person\/9f113303e08408eceab9d70d7602f321\"},\"breadcrumb\":{\"@id\":\"https:\/\/www.santarosa.gob.ec\/web\/2025\/12\/29\/forskjellige-bruksomrder-for-sarotex-hos-apoteket-slvkronen\/#breadcrumb\"},\"inLanguage\":\"es\",\"potentialAction\":[{\"@type\":\"ReadAction\",\"target\":[\"https:\/\/www.santarosa.gob.ec\/web\/2025\/12\/29\/forskjellige-bruksomrder-for-sarotex-hos-apoteket-slvkronen\/\"]}]},{\"@type\":\"ImageObject\",\"inLanguage\":\"es\",\"@id\":\"https:\/\/www.santarosa.gob.ec\/web\/2025\/12\/29\/forskjellige-bruksomrder-for-sarotex-hos-apoteket-slvkronen\/#primaryimage\",\"url\":\"https:\/\/imagizer.imageshack.com\/img924\/2894\/KNiiox.jpg\",\"contentUrl\":\"https:\/\/imagizer.imageshack.com\/img924\/2894\/KNiiox.jpg\"},{\"@type\":\"BreadcrumbList\",\"@id\":\"https:\/\/www.santarosa.gob.ec\/web\/2025\/12\/29\/forskjellige-bruksomrder-for-sarotex-hos-apoteket-slvkronen\/#breadcrumb\",\"itemListElement\":[{\"@type\":\"ListItem\",\"position\":1,\"name\":\"Portada\",\"item\":\"https:\/\/www.santarosa.gob.ec\/web\/\"},{\"@type\":\"ListItem\",\"position\":2,\"name\":\"Forskjellige bruksomr\u00e5der for Sarotex hos Apoteket S\u00f8lvkronen\"}]},{\"@type\":\"WebSite\",\"@id\":\"https:\/\/www.santarosa.gob.ec\/web\/#website\",\"url\":\"https:\/\/www.santarosa.gob.ec\/web\/\",\"name\":\"GAD Municipal del Cant\u00f3n Santa Rosa\",\"description\":\"\",\"potentialAction\":[{\"@type\":\"SearchAction\",\"target\":{\"@type\":\"EntryPoint\",\"urlTemplate\":\"https:\/\/www.santarosa.gob.ec\/web\/?s={search_term_string}\"},\"query-input\":{\"@type\":\"PropertyValueSpecification\",\"valueRequired\":true,\"valueName\":\"search_term_string\"}}],\"inLanguage\":\"es\"},{\"@type\":\"Person\",\"@id\":\"https:\/\/www.santarosa.gob.ec\/web\/#\/schema\/person\/9f113303e08408eceab9d70d7602f321\",\"name\":\"Cristhian Arevalo\",\"image\":{\"@type\":\"ImageObject\",\"inLanguage\":\"es\",\"@id\":\"https:\/\/www.santarosa.gob.ec\/web\/#\/schema\/person\/image\/\",\"url\":\"https:\/\/secure.gravatar.com\/avatar\/611619479339745d8e1e2e7fa4d8389f9e5ddfdc9b8ff6794ae01d35667de6e4?s=96&d=mm&r=g\",\"contentUrl\":\"https:\/\/secure.gravatar.com\/avatar\/611619479339745d8e1e2e7fa4d8389f9e5ddfdc9b8ff6794ae01d35667de6e4?s=96&d=mm&r=g\",\"caption\":\"Cristhian Arevalo\"},\"url\":\"https:\/\/www.santarosa.gob.ec\/web\/author\/carevalo\/\"}]}<\/script>\n<!-- \/ Yoast SEO plugin. -->","yoast_head_json":{"title":"Forskjellige bruksomr\u00e5der for Sarotex hos Apoteket S\u00f8lvkronen - GAD Municipal del Cant\u00f3n Santa Rosa","robots":{"index":"index","follow":"follow","max-snippet":"max-snippet:-1","max-image-preview":"max-image-preview:large","max-video-preview":"max-video-preview:-1"},"canonical":"https:\/\/www.santarosa.gob.ec\/web\/2025\/12\/29\/forskjellige-bruksomrder-for-sarotex-hos-apoteket-slvkronen\/","og_locale":"es_ES","og_type":"article","og_title":"Forskjellige bruksomr\u00e5der for Sarotex hos Apoteket S\u00f8lvkronen - GAD Municipal del Cant\u00f3n Santa Rosa","og_description":"Explore diverse uses of Sarotex at Apoteket S\u00f8lvkronen, from pain relief to mental health support.","og_url":"https:\/\/www.santarosa.gob.ec\/web\/2025\/12\/29\/forskjellige-bruksomrder-for-sarotex-hos-apoteket-slvkronen\/","og_site_name":"GAD Municipal del Cant\u00f3n Santa Rosa","article_published_time":"2025-12-29T18:10:03+00:00","og_image":[{"url":"https:\/\/imagizer.imageshack.com\/img924\/2894\/KNiiox.jpg","type":"","width":"","height":""}],"author":"Cristhian Arevalo","twitter_card":"summary_large_image","twitter_misc":{"Escrito por":"Cristhian Arevalo","Tiempo de lectura":"3 minutos"},"schema":{"@context":"https:\/\/schema.org","@graph":[{"@type":"Article","@id":"https:\/\/www.santarosa.gob.ec\/web\/2025\/12\/29\/forskjellige-bruksomrder-for-sarotex-hos-apoteket-slvkronen\/#article","isPartOf":{"@id":"https:\/\/www.santarosa.gob.ec\/web\/2025\/12\/29\/forskjellige-bruksomrder-for-sarotex-hos-apoteket-slvkronen\/"},"author":{"name":"Cristhian Arevalo","@id":"https:\/\/www.santarosa.gob.ec\/web\/#\/schema\/person\/9f113303e08408eceab9d70d7602f321"},"headline":"Forskjellige bruksomr\u00e5der for Sarotex hos Apoteket S\u00f8lvkronen","datePublished":"2025-12-29T18:10:03+00:00","mainEntityOfPage":{"@id":"https:\/\/www.santarosa.gob.ec\/web\/2025\/12\/29\/forskjellige-bruksomrder-for-sarotex-hos-apoteket-slvkronen\/"},"wordCount":579,"commentCount":0,"image":{"@id":"https:\/\/www.santarosa.gob.ec\/web\/2025\/12\/29\/forskjellige-bruksomrder-for-sarotex-hos-apoteket-slvkronen\/#primaryimage"},"thumbnailUrl":"https:\/\/imagizer.imageshack.com\/img924\/2894\/KNiiox.jpg","articleSection":["\u30d9\u30e9\u30b8\u30e7\u30f3\u30ab\u30b8\u30ce"],"inLanguage":"es","potentialAction":[{"@type":"CommentAction","name":"Comment","target":["https:\/\/www.santarosa.gob.ec\/web\/2025\/12\/29\/forskjellige-bruksomrder-for-sarotex-hos-apoteket-slvkronen\/#respond"]}]},{"@type":"WebPage","@id":"https:\/\/www.santarosa.gob.ec\/web\/2025\/12\/29\/forskjellige-bruksomrder-for-sarotex-hos-apoteket-slvkronen\/","url":"https:\/\/www.santarosa.gob.ec\/web\/2025\/12\/29\/forskjellige-bruksomrder-for-sarotex-hos-apoteket-slvkronen\/","name":"Forskjellige bruksomr\u00e5der for Sarotex hos Apoteket S\u00f8lvkronen - GAD Municipal del Cant\u00f3n Santa Rosa","isPartOf":{"@id":"https:\/\/www.santarosa.gob.ec\/web\/#website"},"primaryImageOfPage":{"@id":"https:\/\/www.santarosa.gob.ec\/web\/2025\/12\/29\/forskjellige-bruksomrder-for-sarotex-hos-apoteket-slvkronen\/#primaryimage"},"image":{"@id":"https:\/\/www.santarosa.gob.ec\/web\/2025\/12\/29\/forskjellige-bruksomrder-for-sarotex-hos-apoteket-slvkronen\/#primaryimage"},"thumbnailUrl":"https:\/\/imagizer.imageshack.com\/img924\/2894\/KNiiox.jpg","datePublished":"2025-12-29T18:10:03+00:00","author":{"@id":"https:\/\/www.santarosa.gob.ec\/web\/#\/schema\/person\/9f113303e08408eceab9d70d7602f321"},"breadcrumb":{"@id":"https:\/\/www.santarosa.gob.ec\/web\/2025\/12\/29\/forskjellige-bruksomrder-for-sarotex-hos-apoteket-slvkronen\/#breadcrumb"},"inLanguage":"es","potentialAction":[{"@type":"ReadAction","target":["https:\/\/www.santarosa.gob.ec\/web\/2025\/12\/29\/forskjellige-bruksomrder-for-sarotex-hos-apoteket-slvkronen\/"]}]},{"@type":"ImageObject","inLanguage":"es","@id":"https:\/\/www.santarosa.gob.ec\/web\/2025\/12\/29\/forskjellige-bruksomrder-for-sarotex-hos-apoteket-slvkronen\/#primaryimage","url":"https:\/\/imagizer.imageshack.com\/img924\/2894\/KNiiox.jpg","contentUrl":"https:\/\/imagizer.imageshack.com\/img924\/2894\/KNiiox.jpg"},{"@type":"BreadcrumbList","@id":"https:\/\/www.santarosa.gob.ec\/web\/2025\/12\/29\/forskjellige-bruksomrder-for-sarotex-hos-apoteket-slvkronen\/#breadcrumb","itemListElement":[{"@type":"ListItem","position":1,"name":"Portada","item":"https:\/\/www.santarosa.gob.ec\/web\/"},{"@type":"ListItem","position":2,"name":"Forskjellige bruksomr\u00e5der for Sarotex hos Apoteket S\u00f8lvkronen"}]},{"@type":"WebSite","@id":"https:\/\/www.santarosa.gob.ec\/web\/#website","url":"https:\/\/www.santarosa.gob.ec\/web\/","name":"GAD Municipal del Cant\u00f3n Santa Rosa","description":"","potentialAction":[{"@type":"SearchAction","target":{"@type":"EntryPoint","urlTemplate":"https:\/\/www.santarosa.gob.ec\/web\/?s={search_term_string}"},"query-input":{"@type":"PropertyValueSpecification","valueRequired":true,"valueName":"search_term_string"}}],"inLanguage":"es"},{"@type":"Person","@id":"https:\/\/www.santarosa.gob.ec\/web\/#\/schema\/person\/9f113303e08408eceab9d70d7602f321","name":"Cristhian Arevalo","image":{"@type":"ImageObject","inLanguage":"es","@id":"https:\/\/www.santarosa.gob.ec\/web\/#\/schema\/person\/image\/","url":"https:\/\/secure.gravatar.com\/avatar\/611619479339745d8e1e2e7fa4d8389f9e5ddfdc9b8ff6794ae01d35667de6e4?s=96&d=mm&r=g","contentUrl":"https:\/\/secure.gravatar.com\/avatar\/611619479339745d8e1e2e7fa4d8389f9e5ddfdc9b8ff6794ae01d35667de6e4?s=96&d=mm&r=g","caption":"Cristhian Arevalo"},"url":"https:\/\/www.santarosa.gob.ec\/web\/author\/carevalo\/"}]}},"_links":{"self":[{"href":"https:\/\/www.santarosa.gob.ec\/web\/wp-json\/wp\/v2\/posts\/13339","targetHints":{"allow":["GET"]}}],"collection":[{"href":"https:\/\/www.santarosa.gob.ec\/web\/wp-json\/wp\/v2\/posts"}],"about":[{"href":"https:\/\/www.santarosa.gob.ec\/web\/wp-json\/wp\/v2\/types\/post"}],"author":[{"embeddable":true,"href":"https:\/\/www.santarosa.gob.ec\/web\/wp-json\/wp\/v2\/users\/990006"}],"replies":[{"embeddable":true,"href":"https:\/\/www.santarosa.gob.ec\/web\/wp-json\/wp\/v2\/comments?post=13339"}],"version-history":[{"count":0,"href":"https:\/\/www.santarosa.gob.ec\/web\/wp-json\/wp\/v2\/posts\/13339\/revisions"}],"wp:attachment":[{"href":"https:\/\/www.santarosa.gob.ec\/web\/wp-json\/wp\/v2\/media?parent=13339"}],"wp:term":[{"taxonomy":"category","embeddable":true,"href":"https:\/\/www.santarosa.gob.ec\/web\/wp-json\/wp\/v2\/categories?post=13339"},{"taxonomy":"post_tag","embeddable":true,"href":"https:\/\/www.santarosa.gob.ec\/web\/wp-json\/wp\/v2\/tags?post=13339"}],"curies":[{"name":"wp","href":"https:\/\/api.w.org\/{rel}","templated":true}]}}