{"id":12880,"date":"2025-09-04T14:36:47","date_gmt":"2025-09-04T19:36:47","guid":{"rendered":"https:\/\/www.santarosa.gob.ec\/web\/?p=12880"},"modified":"2025-09-04T14:36:47","modified_gmt":"2025-09-04T19:36:47","slug":"se-abre-la-convocatoria-puentes-de-innovacion-el-oro-2025-una-vitrina-para-emprendedores-y-microempresas","status":"publish","type":"post","link":"https:\/\/www.santarosa.gob.ec\/web\/2025\/09\/04\/se-abre-la-convocatoria-puentes-de-innovacion-el-oro-2025-una-vitrina-para-emprendedores-y-microempresas\/","title":{"rendered":"Se abre la convocatoria Puentes de Innovaci\u00f3n El Oro 2025: una vitrina para emprendedores y microempresas"},"content":{"rendered":"<p>[metaslider id=\u00bb12881&#8243;]<\/p>\n<p style=\"text-align: justify;\">Con el objetivo de impulsar el desarrollo econ\u00f3mico local inclusivo, se present\u00f3 oficialmente el programa \u201cPuentes de Innovaci\u00f3n El Oro 2025\u201d, una iniciativa que busca identificar y acompa\u00f1ar a 24 microempresas, peque\u00f1as empresas y emprendimientos de alto potencial en la provincia de El Oro.<\/p>\n<p style=\"text-align: justify;\">El programa est\u00e1 dirigido tanto a poblaci\u00f3n orense como a personas migrantes con estatus regularizado, que lideren negocios formales o que tengan inter\u00e9s en emprender. Los proyectos seleccionados deber\u00e1n responder a criterios de innovaci\u00f3n, inclusi\u00f3n y sostenibilidad, aportando al fortalecimiento de las cadenas de valor locales en sectores estrat\u00e9gicos como banano, camar\u00f3n, cacao, caf\u00e9, ganader\u00eda y turismo.<\/p>\n<p style=\"text-align: justify;\">El alcalde de Santa Rosa, Larry Vite, destac\u00f3 que Santa Rosa se proyecta como un referente de innovaci\u00f3n y emprendimiento en la provincia. \u201cApostamos por el talento de nuestra gente, que con creatividad y esfuerzo puede generar soluciones productivas para transformar la realidad econ\u00f3mica de El Oro\u201d, acot\u00f3.<\/p>\n<p style=\"text-align: justify;\">Por su parte, el prefecto de El Oro, Clemente Bravo, recalc\u00f3 el compromiso institucional. \u201cDesde la Prefectura acompa\u00f1amos con firmeza este proceso, convencidos de que la innovaci\u00f3n y la inclusi\u00f3n son claves para un desarrollo sostenible. Apostamos por un modelo que potencie el valor local y que genere empleo digno\u201d, mencion\u00f3.<\/p>\n<p style=\"text-align: justify;\">El presidente de CECOR, Ing. Jorge Valle, explic\u00f3 que la competitividad se construye desde el conocimiento. \u201cEste programa brinda capacitaci\u00f3n, mentor\u00eda y acceso a metodolog\u00edas como el Design Thinking, para que los emprendedores puedan escalar sus modelos de negocio y abrirse a nuevos mercados.\u201d<\/p>\n<p style=\"text-align: justify;\">Mientras tanto, la vicealcaldesa de Santa Rosa, Sandy Gonzaga, resalt\u00f3 la visi\u00f3n inclusiva del proyecto. \u201cEste es un espacio para que j\u00f3venes, mujeres, productores rurales y migrantes puedan demostrar que tienen ideas innovadoras y sostenibles. Queremos abrir puertas a quienes normalmente no las tienen, porque el desarrollo debe incluir a todos\u201d, acot\u00f3.<\/p>\n<p style=\"text-align: justify;\">Proceso de convocatoria<br \/>\nLas personas interesadas podr\u00e1n postularse desde el 21 de agosto hasta el 5 de septiembre, a trav\u00e9s del enlace habilitado en las redes sociales oficiales de la Prefectura de El Oro, el Municipio de Santa Rosa y CECOR (https:\/\/forms.gle\/4AZhDDrFuRnwi8ydA)<\/p>\n<p style=\"text-align: justify;\">Posteriormente, entre el 6 y 8 de septiembre, un comit\u00e9 evaluador conformado por delegados de las tres instituciones revisar\u00e1 las propuestas bajo la metodolog\u00eda de rangos, seleccionando los proyectos con mayor viabilidad t\u00e9cnica, sostenibilidad y compromiso emprendedor. Los resultados se notificar\u00e1n el 9 de septiembre v\u00eda correo electr\u00f3nico y llamadas telef\u00f3nicas.<\/p>\n<p style=\"text-align: justify;\">Beneficios para los seleccionados<br \/>\nQuienes resulten ganadores podr\u00e1n acceder a un pograma de aceleraci\u00f3n empresarial con mentor\u00eda especializada. Laboratorio de Innovaci\u00f3n con metodolog\u00eda Design Thinking. Asesor\u00eda t\u00e9cnica y estrat\u00e9gica personalizada. Participaci\u00f3n en el Demo Day y en el Evento de Vinculaci\u00f3n con entidades financieras.<\/p>\n<p style=\"text-align: justify;\">De esta forma, \u201cPuentes de Innovaci\u00f3n El Oro 2025\u201d se convierte en una plataforma clave para transformar ideas en negocios s\u00f3lidos, inclusivos y sostenibles, que aporten al desarrollo econ\u00f3mico y social de toda la provincia.<\/p>\n","protected":false},"excerpt":{"rendered":"<p>[metaslider id=\u00bb12881&#8243;] Con el objetivo de impulsar el desarrollo econ\u00f3mico local inclusivo, se present\u00f3 oficialmente el programa \u201cPuentes de Innovaci\u00f3n El Oro 2025\u201d, una iniciativa que busca identificar y acompa\u00f1ar a 24 microempresas, peque\u00f1as empresas y emprendimientos de alto potencial&hellip;<\/p>\n","protected":false},"author":990002,"featured_media":12884,"comment_status":"closed","ping_status":"open","sticky":false,"template":"","format":"standard","meta":{"footnotes":""},"categories":[35],"tags":[],"class_list":["post-12880","post","type-post","status-publish","format-standard","has-post-thumbnail","hentry","category-noticias"],"yoast_head":"<!-- This site is optimized with the Yoast SEO plugin v26.8 - https:\/\/yoast.com\/product\/yoast-seo-wordpress\/ -->\n<title>Se abre la convocatoria Puentes de Innovaci\u00f3n El Oro 2025: una vitrina para emprendedores y microempresas - GAD Municipal del Cant\u00f3n Santa Rosa<\/title>\n<meta name=\"robots\" content=\"index, follow, max-snippet:-1, max-image-preview:large, max-video-preview:-1\" \/>\n<link rel=\"canonical\" href=\"https:\/\/www.santarosa.gob.ec\/web\/2025\/09\/04\/se-abre-la-convocatoria-puentes-de-innovacion-el-oro-2025-una-vitrina-para-emprendedores-y-microempresas\/\" \/>\n<meta property=\"og:locale\" content=\"es_ES\" \/>\n<meta property=\"og:type\" content=\"article\" \/>\n<meta property=\"og:title\" content=\"Se abre la convocatoria Puentes de Innovaci\u00f3n El Oro 2025: una vitrina para emprendedores y microempresas - GAD Municipal del Cant\u00f3n Santa Rosa\" \/>\n<meta property=\"og:description\" content=\"[metaslider id=\u00bb12881&#8243;] Con el objetivo de impulsar el desarrollo econ\u00f3mico local inclusivo, se present\u00f3 oficialmente el programa \u201cPuentes de Innovaci\u00f3n El Oro 2025\u201d, una iniciativa que busca identificar y acompa\u00f1ar a 24 microempresas, peque\u00f1as empresas y emprendimientos de alto potencial&hellip;\" \/>\n<meta property=\"og:url\" content=\"https:\/\/www.santarosa.gob.ec\/web\/2025\/09\/04\/se-abre-la-convocatoria-puentes-de-innovacion-el-oro-2025-una-vitrina-para-emprendedores-y-microempresas\/\" \/>\n<meta property=\"og:site_name\" content=\"GAD Municipal del Cant\u00f3n Santa Rosa\" \/>\n<meta property=\"article:published_time\" content=\"2025-09-04T19:36:47+00:00\" \/>\n<meta property=\"og:image\" content=\"https:\/\/www.santarosa.gob.ec\/web\/wp-content\/uploads\/2025\/09\/WhatsApp-Image-2025-09-04-at-2.27.22-PM.jpeg\" \/>\n\t<meta property=\"og:image:width\" content=\"1600\" \/>\n\t<meta property=\"og:image:height\" content=\"1070\" \/>\n\t<meta property=\"og:image:type\" content=\"image\/jpeg\" \/>\n<meta name=\"author\" content=\"Tefi\" \/>\n<meta name=\"twitter:card\" content=\"summary_large_image\" \/>\n<meta name=\"twitter:label1\" content=\"Escrito por\" \/>\n\t<meta name=\"twitter:data1\" content=\"Tefi\" \/>\n\t<meta name=\"twitter:label2\" content=\"Tiempo de lectura\" \/>\n\t<meta name=\"twitter:data2\" content=\"3 minutos\" \/>\n<script type=\"application\/ld+json\" class=\"yoast-schema-graph\">{\"@context\":\"https:\/\/schema.org\",\"@graph\":[{\"@type\":\"Article\",\"@id\":\"https:\/\/www.santarosa.gob.ec\/web\/2025\/09\/04\/se-abre-la-convocatoria-puentes-de-innovacion-el-oro-2025-una-vitrina-para-emprendedores-y-microempresas\/#article\",\"isPartOf\":{\"@id\":\"https:\/\/www.santarosa.gob.ec\/web\/2025\/09\/04\/se-abre-la-convocatoria-puentes-de-innovacion-el-oro-2025-una-vitrina-para-emprendedores-y-microempresas\/\"},\"author\":{\"name\":\"Tefi\",\"@id\":\"https:\/\/www.santarosa.gob.ec\/web\/#\/schema\/person\/54fea9dc046e5de331b8c1b967303085\"},\"headline\":\"Se abre la convocatoria Puentes de Innovaci\u00f3n El Oro 2025: una vitrina para emprendedores y microempresas\",\"datePublished\":\"2025-09-04T19:36:47+00:00\",\"mainEntityOfPage\":{\"@id\":\"https:\/\/www.santarosa.gob.ec\/web\/2025\/09\/04\/se-abre-la-convocatoria-puentes-de-innovacion-el-oro-2025-una-vitrina-para-emprendedores-y-microempresas\/\"},\"wordCount\":525,\"image\":{\"@id\":\"https:\/\/www.santarosa.gob.ec\/web\/2025\/09\/04\/se-abre-la-convocatoria-puentes-de-innovacion-el-oro-2025-una-vitrina-para-emprendedores-y-microempresas\/#primaryimage\"},\"thumbnailUrl\":\"https:\/\/www.santarosa.gob.ec\/web\/wp-content\/uploads\/2025\/09\/WhatsApp-Image-2025-09-04-at-2.27.22-PM.jpeg\",\"articleSection\":[\"Noticias\"],\"inLanguage\":\"es\"},{\"@type\":\"WebPage\",\"@id\":\"https:\/\/www.santarosa.gob.ec\/web\/2025\/09\/04\/se-abre-la-convocatoria-puentes-de-innovacion-el-oro-2025-una-vitrina-para-emprendedores-y-microempresas\/\",\"url\":\"https:\/\/www.santarosa.gob.ec\/web\/2025\/09\/04\/se-abre-la-convocatoria-puentes-de-innovacion-el-oro-2025-una-vitrina-para-emprendedores-y-microempresas\/\",\"name\":\"Se abre la convocatoria Puentes de Innovaci\u00f3n El Oro 2025: una vitrina para emprendedores y microempresas - GAD Municipal del Cant\u00f3n Santa Rosa\",\"isPartOf\":{\"@id\":\"https:\/\/www.santarosa.gob.ec\/web\/#website\"},\"primaryImageOfPage\":{\"@id\":\"https:\/\/www.santarosa.gob.ec\/web\/2025\/09\/04\/se-abre-la-convocatoria-puentes-de-innovacion-el-oro-2025-una-vitrina-para-emprendedores-y-microempresas\/#primaryimage\"},\"image\":{\"@id\":\"https:\/\/www.santarosa.gob.ec\/web\/2025\/09\/04\/se-abre-la-convocatoria-puentes-de-innovacion-el-oro-2025-una-vitrina-para-emprendedores-y-microempresas\/#primaryimage\"},\"thumbnailUrl\":\"https:\/\/www.santarosa.gob.ec\/web\/wp-content\/uploads\/2025\/09\/WhatsApp-Image-2025-09-04-at-2.27.22-PM.jpeg\",\"datePublished\":\"2025-09-04T19:36:47+00:00\",\"author\":{\"@id\":\"https:\/\/www.santarosa.gob.ec\/web\/#\/schema\/person\/54fea9dc046e5de331b8c1b967303085\"},\"breadcrumb\":{\"@id\":\"https:\/\/www.santarosa.gob.ec\/web\/2025\/09\/04\/se-abre-la-convocatoria-puentes-de-innovacion-el-oro-2025-una-vitrina-para-emprendedores-y-microempresas\/#breadcrumb\"},\"inLanguage\":\"es\",\"potentialAction\":[{\"@type\":\"ReadAction\",\"target\":[\"https:\/\/www.santarosa.gob.ec\/web\/2025\/09\/04\/se-abre-la-convocatoria-puentes-de-innovacion-el-oro-2025-una-vitrina-para-emprendedores-y-microempresas\/\"]}]},{\"@type\":\"ImageObject\",\"inLanguage\":\"es\",\"@id\":\"https:\/\/www.santarosa.gob.ec\/web\/2025\/09\/04\/se-abre-la-convocatoria-puentes-de-innovacion-el-oro-2025-una-vitrina-para-emprendedores-y-microempresas\/#primaryimage\",\"url\":\"https:\/\/www.santarosa.gob.ec\/web\/wp-content\/uploads\/2025\/09\/WhatsApp-Image-2025-09-04-at-2.27.22-PM.jpeg\",\"contentUrl\":\"https:\/\/www.santarosa.gob.ec\/web\/wp-content\/uploads\/2025\/09\/WhatsApp-Image-2025-09-04-at-2.27.22-PM.jpeg\",\"width\":1600,\"height\":1070},{\"@type\":\"BreadcrumbList\",\"@id\":\"https:\/\/www.santarosa.gob.ec\/web\/2025\/09\/04\/se-abre-la-convocatoria-puentes-de-innovacion-el-oro-2025-una-vitrina-para-emprendedores-y-microempresas\/#breadcrumb\",\"itemListElement\":[{\"@type\":\"ListItem\",\"position\":1,\"name\":\"Portada\",\"item\":\"https:\/\/www.santarosa.gob.ec\/web\/\"},{\"@type\":\"ListItem\",\"position\":2,\"name\":\"Se abre la convocatoria Puentes de Innovaci\u00f3n El Oro 2025: una vitrina para emprendedores y microempresas\"}]},{\"@type\":\"WebSite\",\"@id\":\"https:\/\/www.santarosa.gob.ec\/web\/#website\",\"url\":\"https:\/\/www.santarosa.gob.ec\/web\/\",\"name\":\"GAD Municipal del Cant\u00f3n Santa Rosa\",\"description\":\"\",\"potentialAction\":[{\"@type\":\"SearchAction\",\"target\":{\"@type\":\"EntryPoint\",\"urlTemplate\":\"https:\/\/www.santarosa.gob.ec\/web\/?s={search_term_string}\"},\"query-input\":{\"@type\":\"PropertyValueSpecification\",\"valueRequired\":true,\"valueName\":\"search_term_string\"}}],\"inLanguage\":\"es\"},{\"@type\":\"Person\",\"@id\":\"https:\/\/www.santarosa.gob.ec\/web\/#\/schema\/person\/54fea9dc046e5de331b8c1b967303085\",\"name\":\"Tefi\",\"image\":{\"@type\":\"ImageObject\",\"inLanguage\":\"es\",\"@id\":\"https:\/\/www.santarosa.gob.ec\/web\/#\/schema\/person\/image\/\",\"url\":\"https:\/\/secure.gravatar.com\/avatar\/bf8b22ea88e2f5bb54ee0fab29c1c9fe725323f01d47d3166909a28783019cfa?s=96&d=mm&r=g\",\"contentUrl\":\"https:\/\/secure.gravatar.com\/avatar\/bf8b22ea88e2f5bb54ee0fab29c1c9fe725323f01d47d3166909a28783019cfa?s=96&d=mm&r=g\",\"caption\":\"Tefi\"},\"url\":\"https:\/\/www.santarosa.gob.ec\/web\/author\/comunicacion\/\"}]}<\/script>\n<!-- \/ Yoast SEO plugin. -->","yoast_head_json":{"title":"Se abre la convocatoria Puentes de Innovaci\u00f3n El Oro 2025: una vitrina para emprendedores y microempresas - GAD Municipal del Cant\u00f3n Santa Rosa","robots":{"index":"index","follow":"follow","max-snippet":"max-snippet:-1","max-image-preview":"max-image-preview:large","max-video-preview":"max-video-preview:-1"},"canonical":"https:\/\/www.santarosa.gob.ec\/web\/2025\/09\/04\/se-abre-la-convocatoria-puentes-de-innovacion-el-oro-2025-una-vitrina-para-emprendedores-y-microempresas\/","og_locale":"es_ES","og_type":"article","og_title":"Se abre la convocatoria Puentes de Innovaci\u00f3n El Oro 2025: una vitrina para emprendedores y microempresas - GAD Municipal del Cant\u00f3n Santa Rosa","og_description":"[metaslider id=\u00bb12881&#8243;] Con el objetivo de impulsar el desarrollo econ\u00f3mico local inclusivo, se present\u00f3 oficialmente el programa \u201cPuentes de Innovaci\u00f3n El Oro 2025\u201d, una iniciativa que busca identificar y acompa\u00f1ar a 24 microempresas, peque\u00f1as empresas y emprendimientos de alto potencial&hellip;","og_url":"https:\/\/www.santarosa.gob.ec\/web\/2025\/09\/04\/se-abre-la-convocatoria-puentes-de-innovacion-el-oro-2025-una-vitrina-para-emprendedores-y-microempresas\/","og_site_name":"GAD Municipal del Cant\u00f3n Santa Rosa","article_published_time":"2025-09-04T19:36:47+00:00","og_image":[{"width":1600,"height":1070,"url":"https:\/\/www.santarosa.gob.ec\/web\/wp-content\/uploads\/2025\/09\/WhatsApp-Image-2025-09-04-at-2.27.22-PM.jpeg","type":"image\/jpeg"}],"author":"Tefi","twitter_card":"summary_large_image","twitter_misc":{"Escrito por":"Tefi","Tiempo de lectura":"3 minutos"},"schema":{"@context":"https:\/\/schema.org","@graph":[{"@type":"Article","@id":"https:\/\/www.santarosa.gob.ec\/web\/2025\/09\/04\/se-abre-la-convocatoria-puentes-de-innovacion-el-oro-2025-una-vitrina-para-emprendedores-y-microempresas\/#article","isPartOf":{"@id":"https:\/\/www.santarosa.gob.ec\/web\/2025\/09\/04\/se-abre-la-convocatoria-puentes-de-innovacion-el-oro-2025-una-vitrina-para-emprendedores-y-microempresas\/"},"author":{"name":"Tefi","@id":"https:\/\/www.santarosa.gob.ec\/web\/#\/schema\/person\/54fea9dc046e5de331b8c1b967303085"},"headline":"Se abre la convocatoria Puentes de Innovaci\u00f3n El Oro 2025: una vitrina para emprendedores y microempresas","datePublished":"2025-09-04T19:36:47+00:00","mainEntityOfPage":{"@id":"https:\/\/www.santarosa.gob.ec\/web\/2025\/09\/04\/se-abre-la-convocatoria-puentes-de-innovacion-el-oro-2025-una-vitrina-para-emprendedores-y-microempresas\/"},"wordCount":525,"image":{"@id":"https:\/\/www.santarosa.gob.ec\/web\/2025\/09\/04\/se-abre-la-convocatoria-puentes-de-innovacion-el-oro-2025-una-vitrina-para-emprendedores-y-microempresas\/#primaryimage"},"thumbnailUrl":"https:\/\/www.santarosa.gob.ec\/web\/wp-content\/uploads\/2025\/09\/WhatsApp-Image-2025-09-04-at-2.27.22-PM.jpeg","articleSection":["Noticias"],"inLanguage":"es"},{"@type":"WebPage","@id":"https:\/\/www.santarosa.gob.ec\/web\/2025\/09\/04\/se-abre-la-convocatoria-puentes-de-innovacion-el-oro-2025-una-vitrina-para-emprendedores-y-microempresas\/","url":"https:\/\/www.santarosa.gob.ec\/web\/2025\/09\/04\/se-abre-la-convocatoria-puentes-de-innovacion-el-oro-2025-una-vitrina-para-emprendedores-y-microempresas\/","name":"Se abre la convocatoria Puentes de Innovaci\u00f3n El Oro 2025: una vitrina para emprendedores y microempresas - GAD Municipal del Cant\u00f3n Santa Rosa","isPartOf":{"@id":"https:\/\/www.santarosa.gob.ec\/web\/#website"},"primaryImageOfPage":{"@id":"https:\/\/www.santarosa.gob.ec\/web\/2025\/09\/04\/se-abre-la-convocatoria-puentes-de-innovacion-el-oro-2025-una-vitrina-para-emprendedores-y-microempresas\/#primaryimage"},"image":{"@id":"https:\/\/www.santarosa.gob.ec\/web\/2025\/09\/04\/se-abre-la-convocatoria-puentes-de-innovacion-el-oro-2025-una-vitrina-para-emprendedores-y-microempresas\/#primaryimage"},"thumbnailUrl":"https:\/\/www.santarosa.gob.ec\/web\/wp-content\/uploads\/2025\/09\/WhatsApp-Image-2025-09-04-at-2.27.22-PM.jpeg","datePublished":"2025-09-04T19:36:47+00:00","author":{"@id":"https:\/\/www.santarosa.gob.ec\/web\/#\/schema\/person\/54fea9dc046e5de331b8c1b967303085"},"breadcrumb":{"@id":"https:\/\/www.santarosa.gob.ec\/web\/2025\/09\/04\/se-abre-la-convocatoria-puentes-de-innovacion-el-oro-2025-una-vitrina-para-emprendedores-y-microempresas\/#breadcrumb"},"inLanguage":"es","potentialAction":[{"@type":"ReadAction","target":["https:\/\/www.santarosa.gob.ec\/web\/2025\/09\/04\/se-abre-la-convocatoria-puentes-de-innovacion-el-oro-2025-una-vitrina-para-emprendedores-y-microempresas\/"]}]},{"@type":"ImageObject","inLanguage":"es","@id":"https:\/\/www.santarosa.gob.ec\/web\/2025\/09\/04\/se-abre-la-convocatoria-puentes-de-innovacion-el-oro-2025-una-vitrina-para-emprendedores-y-microempresas\/#primaryimage","url":"https:\/\/www.santarosa.gob.ec\/web\/wp-content\/uploads\/2025\/09\/WhatsApp-Image-2025-09-04-at-2.27.22-PM.jpeg","contentUrl":"https:\/\/www.santarosa.gob.ec\/web\/wp-content\/uploads\/2025\/09\/WhatsApp-Image-2025-09-04-at-2.27.22-PM.jpeg","width":1600,"height":1070},{"@type":"BreadcrumbList","@id":"https:\/\/www.santarosa.gob.ec\/web\/2025\/09\/04\/se-abre-la-convocatoria-puentes-de-innovacion-el-oro-2025-una-vitrina-para-emprendedores-y-microempresas\/#breadcrumb","itemListElement":[{"@type":"ListItem","position":1,"name":"Portada","item":"https:\/\/www.santarosa.gob.ec\/web\/"},{"@type":"ListItem","position":2,"name":"Se abre la convocatoria Puentes de Innovaci\u00f3n El Oro 2025: una vitrina para emprendedores y microempresas"}]},{"@type":"WebSite","@id":"https:\/\/www.santarosa.gob.ec\/web\/#website","url":"https:\/\/www.santarosa.gob.ec\/web\/","name":"GAD Municipal del Cant\u00f3n Santa Rosa","description":"","potentialAction":[{"@type":"SearchAction","target":{"@type":"EntryPoint","urlTemplate":"https:\/\/www.santarosa.gob.ec\/web\/?s={search_term_string}"},"query-input":{"@type":"PropertyValueSpecification","valueRequired":true,"valueName":"search_term_string"}}],"inLanguage":"es"},{"@type":"Person","@id":"https:\/\/www.santarosa.gob.ec\/web\/#\/schema\/person\/54fea9dc046e5de331b8c1b967303085","name":"Tefi","image":{"@type":"ImageObject","inLanguage":"es","@id":"https:\/\/www.santarosa.gob.ec\/web\/#\/schema\/person\/image\/","url":"https:\/\/secure.gravatar.com\/avatar\/bf8b22ea88e2f5bb54ee0fab29c1c9fe725323f01d47d3166909a28783019cfa?s=96&d=mm&r=g","contentUrl":"https:\/\/secure.gravatar.com\/avatar\/bf8b22ea88e2f5bb54ee0fab29c1c9fe725323f01d47d3166909a28783019cfa?s=96&d=mm&r=g","caption":"Tefi"},"url":"https:\/\/www.santarosa.gob.ec\/web\/author\/comunicacion\/"}]}},"_links":{"self":[{"href":"https:\/\/www.santarosa.gob.ec\/web\/wp-json\/wp\/v2\/posts\/12880","targetHints":{"allow":["GET"]}}],"collection":[{"href":"https:\/\/www.santarosa.gob.ec\/web\/wp-json\/wp\/v2\/posts"}],"about":[{"href":"https:\/\/www.santarosa.gob.ec\/web\/wp-json\/wp\/v2\/types\/post"}],"author":[{"embeddable":true,"href":"https:\/\/www.santarosa.gob.ec\/web\/wp-json\/wp\/v2\/users\/990002"}],"replies":[{"embeddable":true,"href":"https:\/\/www.santarosa.gob.ec\/web\/wp-json\/wp\/v2\/comments?post=12880"}],"version-history":[{"count":0,"href":"https:\/\/www.santarosa.gob.ec\/web\/wp-json\/wp\/v2\/posts\/12880\/revisions"}],"wp:featuredmedia":[{"embeddable":true,"href":"https:\/\/www.santarosa.gob.ec\/web\/wp-json\/wp\/v2\/media\/12884"}],"wp:attachment":[{"href":"https:\/\/www.santarosa.gob.ec\/web\/wp-json\/wp\/v2\/media?parent=12880"}],"wp:term":[{"taxonomy":"category","embeddable":true,"href":"https:\/\/www.santarosa.gob.ec\/web\/wp-json\/wp\/v2\/categories?post=12880"},{"taxonomy":"post_tag","embeddable":true,"href":"https:\/\/www.santarosa.gob.ec\/web\/wp-json\/wp\/v2\/tags?post=12880"}],"curies":[{"name":"wp","href":"https:\/\/api.w.org\/{rel}","templated":true}]}}